{"id":6688,"date":"2021-06-24T18:47:42","date_gmt":"2021-06-24T16:47:42","guid":{"rendered":"https:\/\/justynabronowska.pl\/fotografia-slubna\/?p=6688"},"modified":"2021-11-20T21:54:29","modified_gmt":"2021-11-20T19:54:29","slug":"zakochani-gory-kawa","status":"publish","type":"post","link":"https:\/\/justynabronowska.pl\/fotografia-slubna\/zakochani-gory-kawa\/","title":{"rendered":"Zakochani, g\u00f3ry, kawa"},"content":{"rendered":"\n<p> Historia mi\u0142o\u015bci, dynamiczna pogoda i g\u00f3ry&#8230;.Ach, jak lubi\u0119 sesje narzecze\u0144skie! Bo to zapoznanie z par\u0105, ich histori\u0105 no i oswojenie z aparatem. Dodatkowo zdj\u0119cia z sesji mo\u017cna wykorzysta\u0107 jako prezent dla rodzic\u00f3w, lub elementy dekoracji, czy prezentacji podczas przyj\u0119cia weselnego. Z Magd\u0105 i Alkiem  mieli\u015bmy super spacer, z deszczem, kwitn\u0105cymi azaliami (w g\u00f3rach!) i wisienk\u0105 na torcie w postaci 10 minut z\u0142otych promieni s\u0142o\u0144ca zza chmur  i wieczorn\u0105 kawa tu\u017c przed zamkni\u0119ciem  <a href=\"https:\/\/palarniaproper.pl\/\">Proper Palarnia Kawy <\/a> w Cyga\u0144skim Lesie:) <\/p>\n\n\n\n<ul class=\"wp-block-gallery columns-1 wp-block-gallery-1 is-layout-flex wp-block-gallery-is-layout-flex\"><li class=\"blocks-gallery-item\"><figure><img loading=\"lazy\" decoding=\"async\" width=\"1600\" height=\"1067\" src=\"https:\/\/justynabronowska.pl\/fotografia-slubna\/wp-content\/uploads\/sites\/2\/2021\/06\/sesja_narzeczenska_beskidy001-1.jpg\" alt=\"\" data-id=\"6689\" data-link=\"https:\/\/justynabronowska.pl\/fotografia-slubna\/?attachment_id=6689\" class=\"wp-image-6689\" srcset=\"https:\/\/justynabronowska.pl\/fotografia-slubna\/wp-content\/uploads\/sites\/2\/2021\/06\/sesja_narzeczenska_beskidy001-1.jpg 1600w, https:\/\/justynabronowska.pl\/fotografia-slubna\/wp-content\/uploads\/sites\/2\/2021\/06\/sesja_narzeczenska_beskidy001-1-1024x683.jpg 1024w, https:\/\/justynabronowska.pl\/fotografia-slubna\/wp-content\/uploads\/sites\/2\/2021\/06\/sesja_narzeczenska_beskidy001-1-768x512.jpg 768w\" sizes=\"auto, (max-width: 1600px) 100vw, 1600px\" \/><\/figure><\/li><li class=\"blocks-gallery-item\"><figure><img loading=\"lazy\" decoding=\"async\" width=\"1600\" height=\"1067\" src=\"https:\/\/justynabronowska.pl\/fotografia-slubna\/wp-content\/uploads\/sites\/2\/2021\/06\/sesja_narzeczenska_beskidy003-1.jpg\" alt=\"\" data-id=\"6690\" data-link=\"https:\/\/justynabronowska.pl\/fotografia-slubna\/?attachment_id=6690\" class=\"wp-image-6690\" srcset=\"https:\/\/justynabronowska.pl\/fotografia-slubna\/wp-content\/uploads\/sites\/2\/2021\/06\/sesja_narzeczenska_beskidy003-1.jpg 1600w, https:\/\/justynabronowska.pl\/fotografia-slubna\/wp-content\/uploads\/sites\/2\/2021\/06\/sesja_narzeczenska_beskidy003-1-1024x683.jpg 1024w, https:\/\/justynabronowska.pl\/fotografia-slubna\/wp-content\/uploads\/sites\/2\/2021\/06\/sesja_narzeczenska_beskidy003-1-768x512.jpg 768w\" sizes=\"auto, (max-width: 1600px) 100vw, 1600px\" \/><\/figure><\/li><li class=\"blocks-gallery-item\"><figure><img loading=\"lazy\" decoding=\"async\" width=\"1600\" height=\"1067\" src=\"https:\/\/justynabronowska.pl\/fotografia-slubna\/wp-content\/uploads\/sites\/2\/2021\/06\/sesja_narzeczenska_beskidy009-1.jpg\" alt=\"\" data-id=\"6692\" data-link=\"https:\/\/justynabronowska.pl\/fotografia-slubna\/?attachment_id=6692\" class=\"wp-image-6692\" srcset=\"https:\/\/justynabronowska.pl\/fotografia-slubna\/wp-content\/uploads\/sites\/2\/2021\/06\/sesja_narzeczenska_beskidy009-1.jpg 1600w, https:\/\/justynabronowska.pl\/fotografia-slubna\/wp-content\/uploads\/sites\/2\/2021\/06\/sesja_narzeczenska_beskidy009-1-1024x683.jpg 1024w, https:\/\/justynabronowska.pl\/fotografia-slubna\/wp-content\/uploads\/sites\/2\/2021\/06\/sesja_narzeczenska_beskidy009-1-768x512.jpg 768w\" sizes=\"auto, (max-width: 1600px) 100vw, 1600px\" \/><\/figure><\/li><\/ul>\n\n\n\n<ul class=\"wp-block-gallery columns-2 wp-block-gallery-2 is-layout-flex wp-block-gallery-is-layout-flex\"><li class=\"blocks-gallery-item\"><figure><img loading=\"lazy\" decoding=\"async\" width=\"1000\" height=\"1500\" src=\"https:\/\/justynabronowska.pl\/fotografia-slubna\/wp-content\/uploads\/sites\/2\/2021\/06\/sesja_narzeczenska_beskidy004-1-1000x1500.jpg\" alt=\"\" data-id=\"6693\" data-link=\"https:\/\/justynabronowska.pl\/fotografia-slubna\/?attachment_id=6693\" class=\"wp-image-6693\" srcset=\"https:\/\/justynabronowska.pl\/fotografia-slubna\/wp-content\/uploads\/sites\/2\/2021\/06\/sesja_narzeczenska_beskidy004-1-1000x1500.jpg 1000w, https:\/\/justynabronowska.pl\/fotografia-slubna\/wp-content\/uploads\/sites\/2\/2021\/06\/sesja_narzeczenska_beskidy004-1-683x1024.jpg 683w, https:\/\/justynabronowska.pl\/fotografia-slubna\/wp-content\/uploads\/sites\/2\/2021\/06\/sesja_narzeczenska_beskidy004-1-768x1152.jpg 768w, https:\/\/justynabronowska.pl\/fotografia-slubna\/wp-content\/uploads\/sites\/2\/2021\/06\/sesja_narzeczenska_beskidy004-1.jpg 1067w\" sizes=\"auto, (max-width: 1000px) 100vw, 1000px\" \/><\/figure><\/li><li class=\"blocks-gallery-item\"><figure><img loading=\"lazy\" decoding=\"async\" width=\"1000\" height=\"1500\" src=\"https:\/\/justynabronowska.pl\/fotografia-slubna\/wp-content\/uploads\/sites\/2\/2021\/06\/sesja_narzeczenska_beskidy005-1-1000x1500.jpg\" alt=\"\" data-id=\"6694\" data-link=\"https:\/\/justynabronowska.pl\/fotografia-slubna\/?attachment_id=6694\" class=\"wp-image-6694\" srcset=\"https:\/\/justynabronowska.pl\/fotografia-slubna\/wp-content\/uploads\/sites\/2\/2021\/06\/sesja_narzeczenska_beskidy005-1-1000x1500.jpg 1000w, https:\/\/justynabronowska.pl\/fotografia-slubna\/wp-content\/uploads\/sites\/2\/2021\/06\/sesja_narzeczenska_beskidy005-1-683x1024.jpg 683w, https:\/\/justynabronowska.pl\/fotografia-slubna\/wp-content\/uploads\/sites\/2\/2021\/06\/sesja_narzeczenska_beskidy005-1-768x1152.jpg 768w, https:\/\/justynabronowska.pl\/fotografia-slubna\/wp-content\/uploads\/sites\/2\/2021\/06\/sesja_narzeczenska_beskidy005-1.jpg 1067w\" sizes=\"auto, (max-width: 1000px) 100vw, 1000px\" \/><\/figure><\/li><\/ul>\n\n\n\n<div class=\"wp-block-image\"><figure class=\"aligncenter\"><img loading=\"lazy\" decoding=\"async\" width=\"1600\" height=\"1067\" src=\"https:\/\/justynabronowska.pl\/fotografia-slubna\/wp-content\/uploads\/sites\/2\/2021\/06\/sesja_narzeczenska_beskidy010-3.jpg\" alt=\"\" class=\"wp-image-6706\" srcset=\"https:\/\/justynabronowska.pl\/fotografia-slubna\/wp-content\/uploads\/sites\/2\/2021\/06\/sesja_narzeczenska_beskidy010-3.jpg 1600w, https:\/\/justynabronowska.pl\/fotografia-slubna\/wp-content\/uploads\/sites\/2\/2021\/06\/sesja_narzeczenska_beskidy010-3-1024x683.jpg 1024w, https:\/\/justynabronowska.pl\/fotografia-slubna\/wp-content\/uploads\/sites\/2\/2021\/06\/sesja_narzeczenska_beskidy010-3-768x512.jpg 768w\" sizes=\"auto, (max-width: 1600px) 100vw, 1600px\" \/><\/figure><\/div>\n\n\n\n<ul class=\"wp-block-gallery columns-2 wp-block-gallery-3 is-layout-flex wp-block-gallery-is-layout-flex\"><li class=\"blocks-gallery-item\"><figure><img loading=\"lazy\" decoding=\"async\" width=\"1600\" height=\"1067\" src=\"https:\/\/justynabronowska.pl\/fotografia-slubna\/wp-content\/uploads\/sites\/2\/2021\/06\/sesja_narzeczenska_beskidy012.jpg\" alt=\"\" data-id=\"6695\" data-link=\"https:\/\/justynabronowska.pl\/fotografia-slubna\/?attachment_id=6695\" class=\"wp-image-6695\" srcset=\"https:\/\/justynabronowska.pl\/fotografia-slubna\/wp-content\/uploads\/sites\/2\/2021\/06\/sesja_narzeczenska_beskidy012.jpg 1600w, https:\/\/justynabronowska.pl\/fotografia-slubna\/wp-content\/uploads\/sites\/2\/2021\/06\/sesja_narzeczenska_beskidy012-1024x683.jpg 1024w, https:\/\/justynabronowska.pl\/fotografia-slubna\/wp-content\/uploads\/sites\/2\/2021\/06\/sesja_narzeczenska_beskidy012-768x512.jpg 768w\" sizes=\"auto, (max-width: 1600px) 100vw, 1600px\" \/><\/figure><\/li><li class=\"blocks-gallery-item\"><figure><img loading=\"lazy\" decoding=\"async\" width=\"1600\" height=\"1067\" src=\"https:\/\/justynabronowska.pl\/fotografia-slubna\/wp-content\/uploads\/sites\/2\/2021\/06\/sesja_narzeczenska_beskidy013-1.jpg\" alt=\"\" data-id=\"6696\" data-link=\"https:\/\/justynabronowska.pl\/fotografia-slubna\/?attachment_id=6696\" class=\"wp-image-6696\" srcset=\"https:\/\/justynabronowska.pl\/fotografia-slubna\/wp-content\/uploads\/sites\/2\/2021\/06\/sesja_narzeczenska_beskidy013-1.jpg 1600w, https:\/\/justynabronowska.pl\/fotografia-slubna\/wp-content\/uploads\/sites\/2\/2021\/06\/sesja_narzeczenska_beskidy013-1-1024x683.jpg 1024w, https:\/\/justynabronowska.pl\/fotografia-slubna\/wp-content\/uploads\/sites\/2\/2021\/06\/sesja_narzeczenska_beskidy013-1-768x512.jpg 768w\" sizes=\"auto, (max-width: 1600px) 100vw, 1600px\" \/><\/figure><\/li><\/ul>\n\n\n\n<ul class=\"wp-block-gallery columns-2 wp-block-gallery-4 is-layout-flex wp-block-gallery-is-layout-flex\"><li class=\"blocks-gallery-item\"><figure><img loading=\"lazy\" decoding=\"async\" width=\"1000\" height=\"1500\" src=\"https:\/\/justynabronowska.pl\/fotografia-slubna\/wp-content\/uploads\/sites\/2\/2021\/06\/sesja_narzeczenska_beskidy014-1000x1500.jpg\" alt=\"\" data-id=\"6697\" data-link=\"https:\/\/justynabronowska.pl\/fotografia-slubna\/?attachment_id=6697\" class=\"wp-image-6697\" srcset=\"https:\/\/justynabronowska.pl\/fotografia-slubna\/wp-content\/uploads\/sites\/2\/2021\/06\/sesja_narzeczenska_beskidy014-1000x1500.jpg 1000w, https:\/\/justynabronowska.pl\/fotografia-slubna\/wp-content\/uploads\/sites\/2\/2021\/06\/sesja_narzeczenska_beskidy014-683x1024.jpg 683w, https:\/\/justynabronowska.pl\/fotografia-slubna\/wp-content\/uploads\/sites\/2\/2021\/06\/sesja_narzeczenska_beskidy014-768x1152.jpg 768w, https:\/\/justynabronowska.pl\/fotografia-slubna\/wp-content\/uploads\/sites\/2\/2021\/06\/sesja_narzeczenska_beskidy014.jpg 1067w\" sizes=\"auto, (max-width: 1000px) 100vw, 1000px\" \/><\/figure><\/li><li class=\"blocks-gallery-item\"><figure><img loading=\"lazy\" decoding=\"async\" width=\"1000\" height=\"1500\" src=\"https:\/\/justynabronowska.pl\/fotografia-slubna\/wp-content\/uploads\/sites\/2\/2021\/06\/sesja_narzeczenska_beskidy017-1000x1500.jpg\" alt=\"\" data-id=\"6698\" data-link=\"https:\/\/justynabronowska.pl\/fotografia-slubna\/?attachment_id=6698\" class=\"wp-image-6698\" srcset=\"https:\/\/justynabronowska.pl\/fotografia-slubna\/wp-content\/uploads\/sites\/2\/2021\/06\/sesja_narzeczenska_beskidy017-1000x1500.jpg 1000w, https:\/\/justynabronowska.pl\/fotografia-slubna\/wp-content\/uploads\/sites\/2\/2021\/06\/sesja_narzeczenska_beskidy017-683x1024.jpg 683w, https:\/\/justynabronowska.pl\/fotografia-slubna\/wp-content\/uploads\/sites\/2\/2021\/06\/sesja_narzeczenska_beskidy017-768x1152.jpg 768w, https:\/\/justynabronowska.pl\/fotografia-slubna\/wp-content\/uploads\/sites\/2\/2021\/06\/sesja_narzeczenska_beskidy017.jpg 1067w\" sizes=\"auto, (max-width: 1000px) 100vw, 1000px\" \/><\/figure><\/li><\/ul>\n\n\n\n<ul class=\"wp-block-gallery aligncenter columns-1 wp-block-gallery-5 is-layout-flex wp-block-gallery-is-layout-flex\"><li class=\"blocks-gallery-item\"><figure><img loading=\"lazy\" decoding=\"async\" width=\"1600\" height=\"1067\" src=\"https:\/\/justynabronowska.pl\/fotografia-slubna\/wp-content\/uploads\/sites\/2\/2021\/06\/sesja_narzeczenska_beskidy019.jpg\" alt=\"\" data-id=\"6699\" data-link=\"https:\/\/justynabronowska.pl\/fotografia-slubna\/?attachment_id=6699\" class=\"wp-image-6699\" srcset=\"https:\/\/justynabronowska.pl\/fotografia-slubna\/wp-content\/uploads\/sites\/2\/2021\/06\/sesja_narzeczenska_beskidy019.jpg 1600w, https:\/\/justynabronowska.pl\/fotografia-slubna\/wp-content\/uploads\/sites\/2\/2021\/06\/sesja_narzeczenska_beskidy019-1024x683.jpg 1024w, https:\/\/justynabronowska.pl\/fotografia-slubna\/wp-content\/uploads\/sites\/2\/2021\/06\/sesja_narzeczenska_beskidy019-768x512.jpg 768w\" sizes=\"auto, (max-width: 1600px) 100vw, 1600px\" \/><\/figure><\/li><li class=\"blocks-gallery-item\"><figure><img loading=\"lazy\" decoding=\"async\" width=\"1600\" height=\"1067\" src=\"https:\/\/justynabronowska.pl\/fotografia-slubna\/wp-content\/uploads\/sites\/2\/2021\/06\/sesja_narzeczenska_beskidy020-1.jpg\" alt=\"\" data-id=\"6700\" data-link=\"https:\/\/justynabronowska.pl\/fotografia-slubna\/?attachment_id=6700\" class=\"wp-image-6700\" srcset=\"https:\/\/justynabronowska.pl\/fotografia-slubna\/wp-content\/uploads\/sites\/2\/2021\/06\/sesja_narzeczenska_beskidy020-1.jpg 1600w, https:\/\/justynabronowska.pl\/fotografia-slubna\/wp-content\/uploads\/sites\/2\/2021\/06\/sesja_narzeczenska_beskidy020-1-1024x683.jpg 1024w, https:\/\/justynabronowska.pl\/fotografia-slubna\/wp-content\/uploads\/sites\/2\/2021\/06\/sesja_narzeczenska_beskidy020-1-768x512.jpg 768w\" sizes=\"auto, (max-width: 1600px) 100vw, 1600px\" \/><\/figure><\/li><li class=\"blocks-gallery-item\"><figure><img loading=\"lazy\" decoding=\"async\" width=\"1600\" height=\"1067\" src=\"https:\/\/justynabronowska.pl\/fotografia-slubna\/wp-content\/uploads\/sites\/2\/2021\/06\/sesja_narzeczenska_beskidy021-1.jpg\" alt=\"\" data-id=\"6701\" data-link=\"https:\/\/justynabronowska.pl\/fotografia-slubna\/?attachment_id=6701\" class=\"wp-image-6701\" srcset=\"https:\/\/justynabronowska.pl\/fotografia-slubna\/wp-content\/uploads\/sites\/2\/2021\/06\/sesja_narzeczenska_beskidy021-1.jpg 1600w, https:\/\/justynabronowska.pl\/fotografia-slubna\/wp-content\/uploads\/sites\/2\/2021\/06\/sesja_narzeczenska_beskidy021-1-1024x683.jpg 1024w, https:\/\/justynabronowska.pl\/fotografia-slubna\/wp-content\/uploads\/sites\/2\/2021\/06\/sesja_narzeczenska_beskidy021-1-768x512.jpg 768w\" sizes=\"auto, (max-width: 1600px) 100vw, 1600px\" \/><\/figure><\/li><li class=\"blocks-gallery-item\"><figure><img loading=\"lazy\" decoding=\"async\" width=\"1600\" height=\"1067\" src=\"https:\/\/justynabronowska.pl\/fotografia-slubna\/wp-content\/uploads\/sites\/2\/2021\/06\/sesja_narzeczenska_beskidy023-1.jpg\" alt=\"\" data-id=\"6702\" data-link=\"https:\/\/justynabronowska.pl\/fotografia-slubna\/?attachment_id=6702\" class=\"wp-image-6702\" srcset=\"https:\/\/justynabronowska.pl\/fotografia-slubna\/wp-content\/uploads\/sites\/2\/2021\/06\/sesja_narzeczenska_beskidy023-1.jpg 1600w, https:\/\/justynabronowska.pl\/fotografia-slubna\/wp-content\/uploads\/sites\/2\/2021\/06\/sesja_narzeczenska_beskidy023-1-1024x683.jpg 1024w, https:\/\/justynabronowska.pl\/fotografia-slubna\/wp-content\/uploads\/sites\/2\/2021\/06\/sesja_narzeczenska_beskidy023-1-768x512.jpg 768w\" sizes=\"auto, (max-width: 1600px) 100vw, 1600px\" \/><\/figure><\/li><li class=\"blocks-gallery-item\"><figure><img loading=\"lazy\" decoding=\"async\" width=\"1600\" height=\"1067\" src=\"https:\/\/justynabronowska.pl\/fotografia-slubna\/wp-content\/uploads\/sites\/2\/2021\/06\/sesja_narzeczenska_beskidy025.jpg\" alt=\"\" data-id=\"6703\" data-link=\"https:\/\/justynabronowska.pl\/fotografia-slubna\/?attachment_id=6703\" class=\"wp-image-6703\" srcset=\"https:\/\/justynabronowska.pl\/fotografia-slubna\/wp-content\/uploads\/sites\/2\/2021\/06\/sesja_narzeczenska_beskidy025.jpg 1600w, https:\/\/justynabronowska.pl\/fotografia-slubna\/wp-content\/uploads\/sites\/2\/2021\/06\/sesja_narzeczenska_beskidy025-1024x683.jpg 1024w, https:\/\/justynabronowska.pl\/fotografia-slubna\/wp-content\/uploads\/sites\/2\/2021\/06\/sesja_narzeczenska_beskidy025-768x512.jpg 768w\" sizes=\"auto, (max-width: 1600px) 100vw, 1600px\" \/><\/figure><\/li><\/ul>\n\n\n\n<ul class=\"wp-block-gallery columns-1 wp-block-gallery-6 is-layout-flex wp-block-gallery-is-layout-flex\"><li class=\"blocks-gallery-item\"><figure><img loading=\"lazy\" decoding=\"async\" width=\"1600\" height=\"1067\" src=\"https:\/\/justynabronowska.pl\/fotografia-slubna\/wp-content\/uploads\/sites\/2\/2021\/06\/sesja_narzeczenska_beskidy028.jpg\" alt=\"\" data-id=\"6707\" data-link=\"https:\/\/justynabronowska.pl\/fotografia-slubna\/?attachment_id=6707\" class=\"wp-image-6707\" srcset=\"https:\/\/justynabronowska.pl\/fotografia-slubna\/wp-content\/uploads\/sites\/2\/2021\/06\/sesja_narzeczenska_beskidy028.jpg 1600w, https:\/\/justynabronowska.pl\/fotografia-slubna\/wp-content\/uploads\/sites\/2\/2021\/06\/sesja_narzeczenska_beskidy028-1024x683.jpg 1024w, https:\/\/justynabronowska.pl\/fotografia-slubna\/wp-content\/uploads\/sites\/2\/2021\/06\/sesja_narzeczenska_beskidy028-768x512.jpg 768w\" sizes=\"auto, (max-width: 1600px) 100vw, 1600px\" \/><\/figure><\/li><li class=\"blocks-gallery-item\"><figure><img loading=\"lazy\" decoding=\"async\" width=\"1600\" height=\"1067\" src=\"https:\/\/justynabronowska.pl\/fotografia-slubna\/wp-content\/uploads\/sites\/2\/2021\/06\/sesja_narzeczenska_beskidy029.jpg\" alt=\"\" data-id=\"6708\" data-link=\"https:\/\/justynabronowska.pl\/fotografia-slubna\/?attachment_id=6708\" class=\"wp-image-6708\" srcset=\"https:\/\/justynabronowska.pl\/fotografia-slubna\/wp-content\/uploads\/sites\/2\/2021\/06\/sesja_narzeczenska_beskidy029.jpg 1600w, https:\/\/justynabronowska.pl\/fotografia-slubna\/wp-content\/uploads\/sites\/2\/2021\/06\/sesja_narzeczenska_beskidy029-1024x683.jpg 1024w, https:\/\/justynabronowska.pl\/fotografia-slubna\/wp-content\/uploads\/sites\/2\/2021\/06\/sesja_narzeczenska_beskidy029-768x512.jpg 768w\" sizes=\"auto, (max-width: 1600px) 100vw, 1600px\" \/><\/figure><\/li><li class=\"blocks-gallery-item\"><figure><img loading=\"lazy\" decoding=\"async\" width=\"1600\" height=\"1067\" src=\"https:\/\/justynabronowska.pl\/fotografia-slubna\/wp-content\/uploads\/sites\/2\/2021\/06\/sesja_narzeczenska_beskidy036.jpg\" alt=\"\" data-id=\"6709\" data-link=\"https:\/\/justynabronowska.pl\/fotografia-slubna\/?attachment_id=6709\" class=\"wp-image-6709\" srcset=\"https:\/\/justynabronowska.pl\/fotografia-slubna\/wp-content\/uploads\/sites\/2\/2021\/06\/sesja_narzeczenska_beskidy036.jpg 1600w, https:\/\/justynabronowska.pl\/fotografia-slubna\/wp-content\/uploads\/sites\/2\/2021\/06\/sesja_narzeczenska_beskidy036-1024x683.jpg 1024w, https:\/\/justynabronowska.pl\/fotografia-slubna\/wp-content\/uploads\/sites\/2\/2021\/06\/sesja_narzeczenska_beskidy036-768x512.jpg 768w\" sizes=\"auto, (max-width: 1600px) 100vw, 1600px\" \/><\/figure><\/li><li class=\"blocks-gallery-item\"><figure><img loading=\"lazy\" decoding=\"async\" width=\"1600\" height=\"1067\" src=\"https:\/\/justynabronowska.pl\/fotografia-slubna\/wp-content\/uploads\/sites\/2\/2021\/06\/sesja_narzeczenska_beskidy041.jpg\" alt=\"\" data-id=\"6710\" data-link=\"https:\/\/justynabronowska.pl\/fotografia-slubna\/?attachment_id=6710\" class=\"wp-image-6710\" srcset=\"https:\/\/justynabronowska.pl\/fotografia-slubna\/wp-content\/uploads\/sites\/2\/2021\/06\/sesja_narzeczenska_beskidy041.jpg 1600w, https:\/\/justynabronowska.pl\/fotografia-slubna\/wp-content\/uploads\/sites\/2\/2021\/06\/sesja_narzeczenska_beskidy041-1024x683.jpg 1024w, https:\/\/justynabronowska.pl\/fotografia-slubna\/wp-content\/uploads\/sites\/2\/2021\/06\/sesja_narzeczenska_beskidy041-768x512.jpg 768w\" sizes=\"auto, (max-width: 1600px) 100vw, 1600px\" \/><\/figure><\/li><li class=\"blocks-gallery-item\"><figure><img loading=\"lazy\" decoding=\"async\" width=\"1600\" height=\"1067\" src=\"https:\/\/justynabronowska.pl\/fotografia-slubna\/wp-content\/uploads\/sites\/2\/2021\/06\/sesja_narzeczenska_beskidy047.jpg\" alt=\"\" data-id=\"6711\" data-link=\"https:\/\/justynabronowska.pl\/fotografia-slubna\/?attachment_id=6711\" class=\"wp-image-6711\" srcset=\"https:\/\/justynabronowska.pl\/fotografia-slubna\/wp-content\/uploads\/sites\/2\/2021\/06\/sesja_narzeczenska_beskidy047.jpg 1600w, https:\/\/justynabronowska.pl\/fotografia-slubna\/wp-content\/uploads\/sites\/2\/2021\/06\/sesja_narzeczenska_beskidy047-1024x683.jpg 1024w, https:\/\/justynabronowska.pl\/fotografia-slubna\/wp-content\/uploads\/sites\/2\/2021\/06\/sesja_narzeczenska_beskidy047-768x512.jpg 768w\" sizes=\"auto, (max-width: 1600px) 100vw, 1600px\" \/><\/figure><\/li><li class=\"blocks-gallery-item\"><figure><img loading=\"lazy\" decoding=\"async\" width=\"1600\" height=\"1067\" src=\"https:\/\/justynabronowska.pl\/fotografia-slubna\/wp-content\/uploads\/sites\/2\/2021\/06\/sesja_narzeczenska_beskidy049.jpg\" alt=\"\" data-id=\"6712\" data-link=\"https:\/\/justynabronowska.pl\/fotografia-slubna\/?attachment_id=6712\" class=\"wp-image-6712\" srcset=\"https:\/\/justynabronowska.pl\/fotografia-slubna\/wp-content\/uploads\/sites\/2\/2021\/06\/sesja_narzeczenska_beskidy049.jpg 1600w, https:\/\/justynabronowska.pl\/fotografia-slubna\/wp-content\/uploads\/sites\/2\/2021\/06\/sesja_narzeczenska_beskidy049-1024x683.jpg 1024w, https:\/\/justynabronowska.pl\/fotografia-slubna\/wp-content\/uploads\/sites\/2\/2021\/06\/sesja_narzeczenska_beskidy049-768x512.jpg 768w\" sizes=\"auto, (max-width: 1600px) 100vw, 1600px\" \/><\/figure><\/li><\/ul>\n\n\n\n<ul class=\"wp-block-gallery columns-3 wp-block-gallery-7 is-layout-flex wp-block-gallery-is-layout-flex\"><li class=\"blocks-gallery-item\"><figure><img loading=\"lazy\" decoding=\"async\" width=\"1000\" height=\"1500\" src=\"https:\/\/justynabronowska.pl\/fotografia-slubna\/wp-content\/uploads\/sites\/2\/2021\/06\/sesja_narzeczenska_beskidy017-1-1000x1500.jpg\" alt=\"\" data-id=\"6713\" data-link=\"https:\/\/justynabronowska.pl\/fotografia-slubna\/?attachment_id=6713\" class=\"wp-image-6713\" srcset=\"https:\/\/justynabronowska.pl\/fotografia-slubna\/wp-content\/uploads\/sites\/2\/2021\/06\/sesja_narzeczenska_beskidy017-1-1000x1500.jpg 1000w, https:\/\/justynabronowska.pl\/fotografia-slubna\/wp-content\/uploads\/sites\/2\/2021\/06\/sesja_narzeczenska_beskidy017-1-683x1024.jpg 683w, https:\/\/justynabronowska.pl\/fotografia-slubna\/wp-content\/uploads\/sites\/2\/2021\/06\/sesja_narzeczenska_beskidy017-1-768x1152.jpg 768w, https:\/\/justynabronowska.pl\/fotografia-slubna\/wp-content\/uploads\/sites\/2\/2021\/06\/sesja_narzeczenska_beskidy017-1.jpg 1067w\" sizes=\"auto, (max-width: 1000px) 100vw, 1000px\" \/><\/figure><\/li><li class=\"blocks-gallery-item\"><figure><img loading=\"lazy\" decoding=\"async\" width=\"1000\" height=\"1500\" src=\"https:\/\/justynabronowska.pl\/fotografia-slubna\/wp-content\/uploads\/sites\/2\/2021\/06\/sesja_narzeczenska_beskidy026-1000x1500.jpg\" alt=\"\" data-id=\"6714\" data-link=\"https:\/\/justynabronowska.pl\/fotografia-slubna\/?attachment_id=6714\" class=\"wp-image-6714\" srcset=\"https:\/\/justynabronowska.pl\/fotografia-slubna\/wp-content\/uploads\/sites\/2\/2021\/06\/sesja_narzeczenska_beskidy026-1000x1500.jpg 1000w, https:\/\/justynabronowska.pl\/fotografia-slubna\/wp-content\/uploads\/sites\/2\/2021\/06\/sesja_narzeczenska_beskidy026-683x1024.jpg 683w, https:\/\/justynabronowska.pl\/fotografia-slubna\/wp-content\/uploads\/sites\/2\/2021\/06\/sesja_narzeczenska_beskidy026-768x1152.jpg 768w, https:\/\/justynabronowska.pl\/fotografia-slubna\/wp-content\/uploads\/sites\/2\/2021\/06\/sesja_narzeczenska_beskidy026.jpg 1067w\" sizes=\"auto, (max-width: 1000px) 100vw, 1000px\" \/><\/figure><\/li><li class=\"blocks-gallery-item\"><figure><img loading=\"lazy\" decoding=\"async\" width=\"1000\" height=\"1500\" src=\"https:\/\/justynabronowska.pl\/fotografia-slubna\/wp-content\/uploads\/sites\/2\/2021\/06\/sesja_narzeczenska_beskidy038-1000x1500.jpg\" alt=\"\" data-id=\"6715\" data-link=\"https:\/\/justynabronowska.pl\/fotografia-slubna\/?attachment_id=6715\" class=\"wp-image-6715\" srcset=\"https:\/\/justynabronowska.pl\/fotografia-slubna\/wp-content\/uploads\/sites\/2\/2021\/06\/sesja_narzeczenska_beskidy038-1000x1500.jpg 1000w, https:\/\/justynabronowska.pl\/fotografia-slubna\/wp-content\/uploads\/sites\/2\/2021\/06\/sesja_narzeczenska_beskidy038-683x1024.jpg 683w, https:\/\/justynabronowska.pl\/fotografia-slubna\/wp-content\/uploads\/sites\/2\/2021\/06\/sesja_narzeczenska_beskidy038-768x1152.jpg 768w, https:\/\/justynabronowska.pl\/fotografia-slubna\/wp-content\/uploads\/sites\/2\/2021\/06\/sesja_narzeczenska_beskidy038.jpg 1067w\" sizes=\"auto, (max-width: 1000px) 100vw, 1000px\" \/><\/figure><\/li><\/ul>\n\n\n\n<ul class=\"wp-block-gallery columns-1 wp-block-gallery-8 is-layout-flex wp-block-gallery-is-layout-flex\"><li class=\"blocks-gallery-item\"><figure><img loading=\"lazy\" decoding=\"async\" width=\"1600\" height=\"1067\" src=\"https:\/\/justynabronowska.pl\/fotografia-slubna\/wp-content\/uploads\/sites\/2\/2021\/06\/sesja_narzeczenska_beskidy039.jpg\" alt=\"\" data-id=\"6716\" data-link=\"https:\/\/justynabronowska.pl\/fotografia-slubna\/?attachment_id=6716\" class=\"wp-image-6716\" srcset=\"https:\/\/justynabronowska.pl\/fotografia-slubna\/wp-content\/uploads\/sites\/2\/2021\/06\/sesja_narzeczenska_beskidy039.jpg 1600w, https:\/\/justynabronowska.pl\/fotografia-slubna\/wp-content\/uploads\/sites\/2\/2021\/06\/sesja_narzeczenska_beskidy039-1024x683.jpg 1024w, https:\/\/justynabronowska.pl\/fotografia-slubna\/wp-content\/uploads\/sites\/2\/2021\/06\/sesja_narzeczenska_beskidy039-768x512.jpg 768w\" sizes=\"auto, (max-width: 1600px) 100vw, 1600px\" \/><\/figure><\/li><li class=\"blocks-gallery-item\"><figure><img loading=\"lazy\" decoding=\"async\" width=\"1600\" height=\"1067\" src=\"https:\/\/justynabronowska.pl\/fotografia-slubna\/wp-content\/uploads\/sites\/2\/2021\/06\/sesja_narzeczenska_beskidy054.jpg\" alt=\"\" data-id=\"6717\" data-link=\"https:\/\/justynabronowska.pl\/fotografia-slubna\/?attachment_id=6717\" class=\"wp-image-6717\" srcset=\"https:\/\/justynabronowska.pl\/fotografia-slubna\/wp-content\/uploads\/sites\/2\/2021\/06\/sesja_narzeczenska_beskidy054.jpg 1600w, https:\/\/justynabronowska.pl\/fotografia-slubna\/wp-content\/uploads\/sites\/2\/2021\/06\/sesja_narzeczenska_beskidy054-1024x683.jpg 1024w, https:\/\/justynabronowska.pl\/fotografia-slubna\/wp-content\/uploads\/sites\/2\/2021\/06\/sesja_narzeczenska_beskidy054-768x512.jpg 768w\" sizes=\"auto, (max-width: 1600px) 100vw, 1600px\" \/><\/figure><\/li><li class=\"blocks-gallery-item\"><figure><img loading=\"lazy\" decoding=\"async\" width=\"1600\" height=\"1067\" src=\"https:\/\/justynabronowska.pl\/fotografia-slubna\/wp-content\/uploads\/sites\/2\/2021\/06\/sesja_narzeczenska_beskidy055.jpg\" alt=\"\" data-id=\"6718\" data-link=\"https:\/\/justynabronowska.pl\/fotografia-slubna\/?attachment_id=6718\" class=\"wp-image-6718\" srcset=\"https:\/\/justynabronowska.pl\/fotografia-slubna\/wp-content\/uploads\/sites\/2\/2021\/06\/sesja_narzeczenska_beskidy055.jpg 1600w, https:\/\/justynabronowska.pl\/fotografia-slubna\/wp-content\/uploads\/sites\/2\/2021\/06\/sesja_narzeczenska_beskidy055-1024x683.jpg 1024w, https:\/\/justynabronowska.pl\/fotografia-slubna\/wp-content\/uploads\/sites\/2\/2021\/06\/sesja_narzeczenska_beskidy055-768x512.jpg 768w\" sizes=\"auto, (max-width: 1600px) 100vw, 1600px\" \/><\/figure><\/li><li class=\"blocks-gallery-item\"><figure><img loading=\"lazy\" decoding=\"async\" width=\"1600\" height=\"1067\" src=\"https:\/\/justynabronowska.pl\/fotografia-slubna\/wp-content\/uploads\/sites\/2\/2021\/06\/sesja_narzeczenska_beskidy056.jpg\" alt=\"\" data-id=\"6719\" data-link=\"https:\/\/justynabronowska.pl\/fotografia-slubna\/?attachment_id=6719\" class=\"wp-image-6719\" srcset=\"https:\/\/justynabronowska.pl\/fotografia-slubna\/wp-content\/uploads\/sites\/2\/2021\/06\/sesja_narzeczenska_beskidy056.jpg 1600w, https:\/\/justynabronowska.pl\/fotografia-slubna\/wp-content\/uploads\/sites\/2\/2021\/06\/sesja_narzeczenska_beskidy056-1024x683.jpg 1024w, https:\/\/justynabronowska.pl\/fotografia-slubna\/wp-content\/uploads\/sites\/2\/2021\/06\/sesja_narzeczenska_beskidy056-768x512.jpg 768w\" sizes=\"auto, (max-width: 1600px) 100vw, 1600px\" \/><\/figure><\/li><li class=\"blocks-gallery-item\"><figure><img loading=\"lazy\" decoding=\"async\" width=\"1600\" height=\"1067\" src=\"https:\/\/justynabronowska.pl\/fotografia-slubna\/wp-content\/uploads\/sites\/2\/2021\/06\/sesja_narzeczenska_beskidy057.jpg\" alt=\"\" data-id=\"6720\" data-link=\"https:\/\/justynabronowska.pl\/fotografia-slubna\/?attachment_id=6720\" class=\"wp-image-6720\" srcset=\"https:\/\/justynabronowska.pl\/fotografia-slubna\/wp-content\/uploads\/sites\/2\/2021\/06\/sesja_narzeczenska_beskidy057.jpg 1600w, https:\/\/justynabronowska.pl\/fotografia-slubna\/wp-content\/uploads\/sites\/2\/2021\/06\/sesja_narzeczenska_beskidy057-1024x683.jpg 1024w, https:\/\/justynabronowska.pl\/fotografia-slubna\/wp-content\/uploads\/sites\/2\/2021\/06\/sesja_narzeczenska_beskidy057-768x512.jpg 768w\" sizes=\"auto, (max-width: 1600px) 100vw, 1600px\" \/><\/figure><\/li><li class=\"blocks-gallery-item\"><figure><img loading=\"lazy\" decoding=\"async\" width=\"1600\" height=\"1067\" src=\"https:\/\/justynabronowska.pl\/fotografia-slubna\/wp-content\/uploads\/sites\/2\/2021\/06\/sesja_narzeczenska_beskidy058.jpg\" alt=\"\" data-id=\"6721\" data-link=\"https:\/\/justynabronowska.pl\/fotografia-slubna\/?attachment_id=6721\" class=\"wp-image-6721\" srcset=\"https:\/\/justynabronowska.pl\/fotografia-slubna\/wp-content\/uploads\/sites\/2\/2021\/06\/sesja_narzeczenska_beskidy058.jpg 1600w, https:\/\/justynabronowska.pl\/fotografia-slubna\/wp-content\/uploads\/sites\/2\/2021\/06\/sesja_narzeczenska_beskidy058-1024x683.jpg 1024w, https:\/\/justynabronowska.pl\/fotografia-slubna\/wp-content\/uploads\/sites\/2\/2021\/06\/sesja_narzeczenska_beskidy058-768x512.jpg 768w\" sizes=\"auto, (max-width: 1600px) 100vw, 1600px\" \/><\/figure><\/li><\/ul>\n","protected":false},"excerpt":{"rendered":"<p>Historia mi\u0142o\u015bci, dynamiczna pogoda i g\u00f3ry&#8230;.Ach, jak lubi\u0119 sesje narzecze\u0144skie! Bo to zapoznanie z par\u0105, ich histori\u0105 no i oswojenie z aparatem. Dodatkowo zdj\u0119cia z sesji mo\u017cna wykorzysta\u0107 jako prezent dla rodzic\u00f3w, lub elementy dekoracji, czy prezentacji podczas przyj\u0119cia weselnego. Z Magd\u0105 i Alkiem mieli\u015bmy super spacer, z deszczem, kwitn\u0105cymi azaliami (w g\u00f3rach!) i wisienk\u0105 [&hellip;]<\/p>\n","protected":false},"author":1,"featured_media":6701,"comment_status":"open","ping_status":"open","sticky":false,"template":"","format":"standard","meta":{"footnotes":""},"categories":[63,17],"tags":[],"class_list":{"0":"post-6688","1":"post","2":"type-post","3":"status-publish","4":"format-standard","5":"has-post-thumbnail","7":"category-sesja-dla-pary","8":"category-sesja-narzeczenska"},"yoast_head":"<!-- This site is optimized with the Yoast SEO plugin v27.3 - https:\/\/yoast.com\/product\/yoast-seo-wordpress\/ -->\n<title>Zakochani, g\u00f3ry, kawa - Justyna Bronowska Fotografia - Naturalna fotografia \u015blubna, Bielsko-Bia\u0142a, Krak\u00f3w, \u015al\u0105sk<\/title>\n<meta name=\"robots\" content=\"noindex, follow, max-snippet:-1, max-image-preview:large, max-video-preview:-1\" \/>\n<meta property=\"og:locale\" content=\"en_US\" \/>\n<meta property=\"og:type\" content=\"article\" \/>\n<meta property=\"og:title\" content=\"Zakochani, g\u00f3ry, kawa - Justyna Bronowska Fotografia - Naturalna fotografia \u015blubna, Bielsko-Bia\u0142a, Krak\u00f3w, \u015al\u0105sk\" \/>\n<meta property=\"og:description\" content=\"Historia mi\u0142o\u015bci, dynamiczna pogoda i g\u00f3ry&#8230;.Ach, jak lubi\u0119 sesje narzecze\u0144skie! Bo to zapoznanie z par\u0105, ich histori\u0105 no i oswojenie z aparatem. Dodatkowo zdj\u0119cia z sesji mo\u017cna wykorzysta\u0107 jako prezent dla rodzic\u00f3w, lub elementy dekoracji, czy prezentacji podczas przyj\u0119cia weselnego. Z Magd\u0105 i Alkiem mieli\u015bmy super spacer, z deszczem, kwitn\u0105cymi azaliami (w g\u00f3rach!) i wisienk\u0105 [&hellip;]\" \/>\n<meta property=\"og:url\" content=\"https:\/\/justynabronowska.pl\/fotografia-slubna\/zakochani-gory-kawa\/\" \/>\n<meta property=\"og:site_name\" content=\"Justyna Bronowska Fotografia - Naturalna fotografia \u015blubna, Bielsko-Bia\u0142a, Krak\u00f3w, \u015al\u0105sk\" \/>\n<meta property=\"article:published_time\" content=\"2021-06-24T16:47:42+00:00\" \/>\n<meta property=\"article:modified_time\" content=\"2021-11-20T19:54:29+00:00\" \/>\n<meta property=\"og:image\" content=\"https:\/\/justynabronowska.pl\/fotografia-slubna\/wp-content\/uploads\/sites\/2\/2021\/06\/sesja_narzeczenska_beskidy021-1.jpg\" \/>\n\t<meta property=\"og:image:width\" content=\"1600\" \/>\n\t<meta property=\"og:image:height\" content=\"1067\" \/>\n\t<meta property=\"og:image:type\" content=\"image\/jpeg\" \/>\n<meta name=\"author\" content=\"admin\" \/>\n<meta name=\"twitter:card\" content=\"summary_large_image\" \/>\n<meta name=\"twitter:label1\" content=\"Written by\" \/>\n\t<meta name=\"twitter:data1\" content=\"admin\" \/>\n<script type=\"application\/ld+json\" class=\"yoast-schema-graph\">{\"@context\":\"https:\\\/\\\/schema.org\",\"@graph\":[{\"@type\":\"Article\",\"@id\":\"https:\\\/\\\/justynabronowska.pl\\\/fotografia-slubna\\\/zakochani-gory-kawa\\\/#article\",\"isPartOf\":{\"@id\":\"https:\\\/\\\/justynabronowska.pl\\\/fotografia-slubna\\\/zakochani-gory-kawa\\\/\"},\"author\":{\"name\":\"admin\",\"@id\":\"https:\\\/\\\/justynabronowska.pl\\\/fotografia-slubna\\\/#\\\/schema\\\/person\\\/6c4ecde1a4b4fe3519f8ab8ce8d68e30\"},\"headline\":\"Zakochani, g\u00f3ry, kawa\",\"datePublished\":\"2021-06-24T16:47:42+00:00\",\"dateModified\":\"2021-11-20T19:54:29+00:00\",\"mainEntityOfPage\":{\"@id\":\"https:\\\/\\\/justynabronowska.pl\\\/fotografia-slubna\\\/zakochani-gory-kawa\\\/\"},\"wordCount\":98,\"commentCount\":0,\"image\":{\"@id\":\"https:\\\/\\\/justynabronowska.pl\\\/fotografia-slubna\\\/zakochani-gory-kawa\\\/#primaryimage\"},\"thumbnailUrl\":\"https:\\\/\\\/justynabronowska.pl\\\/fotografia-slubna\\\/wp-content\\\/uploads\\\/sites\\\/2\\\/2021\\\/06\\\/sesja_narzeczenska_beskidy021-1.jpg\",\"articleSection\":[\"sesja dla pary\",\"sesja narzecze\u0144ska\"],\"inLanguage\":\"en-US\",\"potentialAction\":[{\"@type\":\"CommentAction\",\"name\":\"Comment\",\"target\":[\"https:\\\/\\\/justynabronowska.pl\\\/fotografia-slubna\\\/zakochani-gory-kawa\\\/#respond\"]}]},{\"@type\":\"WebPage\",\"@id\":\"https:\\\/\\\/justynabronowska.pl\\\/fotografia-slubna\\\/zakochani-gory-kawa\\\/\",\"url\":\"https:\\\/\\\/justynabronowska.pl\\\/fotografia-slubna\\\/zakochani-gory-kawa\\\/\",\"name\":\"Zakochani, g\u00f3ry, kawa - Justyna Bronowska Fotografia - Naturalna fotografia \u015blubna, Bielsko-Bia\u0142a, Krak\u00f3w, \u015al\u0105sk\",\"isPartOf\":{\"@id\":\"https:\\\/\\\/justynabronowska.pl\\\/fotografia-slubna\\\/#website\"},\"primaryImageOfPage\":{\"@id\":\"https:\\\/\\\/justynabronowska.pl\\\/fotografia-slubna\\\/zakochani-gory-kawa\\\/#primaryimage\"},\"image\":{\"@id\":\"https:\\\/\\\/justynabronowska.pl\\\/fotografia-slubna\\\/zakochani-gory-kawa\\\/#primaryimage\"},\"thumbnailUrl\":\"https:\\\/\\\/justynabronowska.pl\\\/fotografia-slubna\\\/wp-content\\\/uploads\\\/sites\\\/2\\\/2021\\\/06\\\/sesja_narzeczenska_beskidy021-1.jpg\",\"datePublished\":\"2021-06-24T16:47:42+00:00\",\"dateModified\":\"2021-11-20T19:54:29+00:00\",\"author\":{\"@id\":\"https:\\\/\\\/justynabronowska.pl\\\/fotografia-slubna\\\/#\\\/schema\\\/person\\\/6c4ecde1a4b4fe3519f8ab8ce8d68e30\"},\"breadcrumb\":{\"@id\":\"https:\\\/\\\/justynabronowska.pl\\\/fotografia-slubna\\\/zakochani-gory-kawa\\\/#breadcrumb\"},\"inLanguage\":\"en-US\",\"potentialAction\":[{\"@type\":\"ReadAction\",\"target\":[\"https:\\\/\\\/justynabronowska.pl\\\/fotografia-slubna\\\/zakochani-gory-kawa\\\/\"]}]},{\"@type\":\"ImageObject\",\"inLanguage\":\"en-US\",\"@id\":\"https:\\\/\\\/justynabronowska.pl\\\/fotografia-slubna\\\/zakochani-gory-kawa\\\/#primaryimage\",\"url\":\"https:\\\/\\\/justynabronowska.pl\\\/fotografia-slubna\\\/wp-content\\\/uploads\\\/sites\\\/2\\\/2021\\\/06\\\/sesja_narzeczenska_beskidy021-1.jpg\",\"contentUrl\":\"https:\\\/\\\/justynabronowska.pl\\\/fotografia-slubna\\\/wp-content\\\/uploads\\\/sites\\\/2\\\/2021\\\/06\\\/sesja_narzeczenska_beskidy021-1.jpg\",\"width\":1600,\"height\":1067},{\"@type\":\"BreadcrumbList\",\"@id\":\"https:\\\/\\\/justynabronowska.pl\\\/fotografia-slubna\\\/zakochani-gory-kawa\\\/#breadcrumb\",\"itemListElement\":[{\"@type\":\"ListItem\",\"position\":1,\"name\":\"Home\",\"item\":\"https:\\\/\\\/justynabronowska.pl\\\/fotografia-slubna\\\/\"},{\"@type\":\"ListItem\",\"position\":2,\"name\":\"Zakochani, g\u00f3ry, kawa\"}]},{\"@type\":\"WebSite\",\"@id\":\"https:\\\/\\\/justynabronowska.pl\\\/fotografia-slubna\\\/#website\",\"url\":\"https:\\\/\\\/justynabronowska.pl\\\/fotografia-slubna\\\/\",\"name\":\"Justyna Bronowska Fotografia - Naturalna fotografia \u015blubna, Bielsko-Bia\u0142a, Krak\u00f3w, \u015al\u0105sk\",\"description\":\"Justyna Bronowska Fotografia - Naturalna fotografia \u015blubna, Bielsko-Bia\u0142a, Krak\u00f3w, \u015al\u0105sk\",\"potentialAction\":[{\"@type\":\"SearchAction\",\"target\":{\"@type\":\"EntryPoint\",\"urlTemplate\":\"https:\\\/\\\/justynabronowska.pl\\\/fotografia-slubna\\\/?s={search_term_string}\"},\"query-input\":{\"@type\":\"PropertyValueSpecification\",\"valueRequired\":true,\"valueName\":\"search_term_string\"}}],\"inLanguage\":\"en-US\"},{\"@type\":\"Person\",\"@id\":\"https:\\\/\\\/justynabronowska.pl\\\/fotografia-slubna\\\/#\\\/schema\\\/person\\\/6c4ecde1a4b4fe3519f8ab8ce8d68e30\",\"name\":\"admin\",\"image\":{\"@type\":\"ImageObject\",\"inLanguage\":\"en-US\",\"@id\":\"https:\\\/\\\/secure.gravatar.com\\\/avatar\\\/29bf5daac66150479063cb58106501dc39e4fa1129c87d50f2cd7573b0165bb6?s=96&d=mm&r=g\",\"url\":\"https:\\\/\\\/secure.gravatar.com\\\/avatar\\\/29bf5daac66150479063cb58106501dc39e4fa1129c87d50f2cd7573b0165bb6?s=96&d=mm&r=g\",\"contentUrl\":\"https:\\\/\\\/secure.gravatar.com\\\/avatar\\\/29bf5daac66150479063cb58106501dc39e4fa1129c87d50f2cd7573b0165bb6?s=96&d=mm&r=g\",\"caption\":\"admin\"},\"url\":\"https:\\\/\\\/justynabronowska.pl\\\/fotografia-slubna\\\/author\\\/admin\\\/\"}]}<\/script>\n<!-- \/ Yoast SEO plugin. -->","yoast_head_json":{"title":"Zakochani, g\u00f3ry, kawa - Justyna Bronowska Fotografia - Naturalna fotografia \u015blubna, Bielsko-Bia\u0142a, Krak\u00f3w, \u015al\u0105sk","robots":{"index":"noindex","follow":"follow","max-snippet":"max-snippet:-1","max-image-preview":"max-image-preview:large","max-video-preview":"max-video-preview:-1"},"og_locale":"en_US","og_type":"article","og_title":"Zakochani, g\u00f3ry, kawa - Justyna Bronowska Fotografia - Naturalna fotografia \u015blubna, Bielsko-Bia\u0142a, Krak\u00f3w, \u015al\u0105sk","og_description":"Historia mi\u0142o\u015bci, dynamiczna pogoda i g\u00f3ry&#8230;.Ach, jak lubi\u0119 sesje narzecze\u0144skie! Bo to zapoznanie z par\u0105, ich histori\u0105 no i oswojenie z aparatem. Dodatkowo zdj\u0119cia z sesji mo\u017cna wykorzysta\u0107 jako prezent dla rodzic\u00f3w, lub elementy dekoracji, czy prezentacji podczas przyj\u0119cia weselnego. Z Magd\u0105 i Alkiem mieli\u015bmy super spacer, z deszczem, kwitn\u0105cymi azaliami (w g\u00f3rach!) i wisienk\u0105 [&hellip;]","og_url":"https:\/\/justynabronowska.pl\/fotografia-slubna\/zakochani-gory-kawa\/","og_site_name":"Justyna Bronowska Fotografia - Naturalna fotografia \u015blubna, Bielsko-Bia\u0142a, Krak\u00f3w, \u015al\u0105sk","article_published_time":"2021-06-24T16:47:42+00:00","article_modified_time":"2021-11-20T19:54:29+00:00","og_image":[{"width":1600,"height":1067,"url":"https:\/\/justynabronowska.pl\/fotografia-slubna\/wp-content\/uploads\/sites\/2\/2021\/06\/sesja_narzeczenska_beskidy021-1.jpg","type":"image\/jpeg"}],"author":"admin","twitter_card":"summary_large_image","twitter_misc":{"Written by":"admin"},"schema":{"@context":"https:\/\/schema.org","@graph":[{"@type":"Article","@id":"https:\/\/justynabronowska.pl\/fotografia-slubna\/zakochani-gory-kawa\/#article","isPartOf":{"@id":"https:\/\/justynabronowska.pl\/fotografia-slubna\/zakochani-gory-kawa\/"},"author":{"name":"admin","@id":"https:\/\/justynabronowska.pl\/fotografia-slubna\/#\/schema\/person\/6c4ecde1a4b4fe3519f8ab8ce8d68e30"},"headline":"Zakochani, g\u00f3ry, kawa","datePublished":"2021-06-24T16:47:42+00:00","dateModified":"2021-11-20T19:54:29+00:00","mainEntityOfPage":{"@id":"https:\/\/justynabronowska.pl\/fotografia-slubna\/zakochani-gory-kawa\/"},"wordCount":98,"commentCount":0,"image":{"@id":"https:\/\/justynabronowska.pl\/fotografia-slubna\/zakochani-gory-kawa\/#primaryimage"},"thumbnailUrl":"https:\/\/justynabronowska.pl\/fotografia-slubna\/wp-content\/uploads\/sites\/2\/2021\/06\/sesja_narzeczenska_beskidy021-1.jpg","articleSection":["sesja dla pary","sesja narzecze\u0144ska"],"inLanguage":"en-US","potentialAction":[{"@type":"CommentAction","name":"Comment","target":["https:\/\/justynabronowska.pl\/fotografia-slubna\/zakochani-gory-kawa\/#respond"]}]},{"@type":"WebPage","@id":"https:\/\/justynabronowska.pl\/fotografia-slubna\/zakochani-gory-kawa\/","url":"https:\/\/justynabronowska.pl\/fotografia-slubna\/zakochani-gory-kawa\/","name":"Zakochani, g\u00f3ry, kawa - Justyna Bronowska Fotografia - Naturalna fotografia \u015blubna, Bielsko-Bia\u0142a, Krak\u00f3w, \u015al\u0105sk","isPartOf":{"@id":"https:\/\/justynabronowska.pl\/fotografia-slubna\/#website"},"primaryImageOfPage":{"@id":"https:\/\/justynabronowska.pl\/fotografia-slubna\/zakochani-gory-kawa\/#primaryimage"},"image":{"@id":"https:\/\/justynabronowska.pl\/fotografia-slubna\/zakochani-gory-kawa\/#primaryimage"},"thumbnailUrl":"https:\/\/justynabronowska.pl\/fotografia-slubna\/wp-content\/uploads\/sites\/2\/2021\/06\/sesja_narzeczenska_beskidy021-1.jpg","datePublished":"2021-06-24T16:47:42+00:00","dateModified":"2021-11-20T19:54:29+00:00","author":{"@id":"https:\/\/justynabronowska.pl\/fotografia-slubna\/#\/schema\/person\/6c4ecde1a4b4fe3519f8ab8ce8d68e30"},"breadcrumb":{"@id":"https:\/\/justynabronowska.pl\/fotografia-slubna\/zakochani-gory-kawa\/#breadcrumb"},"inLanguage":"en-US","potentialAction":[{"@type":"ReadAction","target":["https:\/\/justynabronowska.pl\/fotografia-slubna\/zakochani-gory-kawa\/"]}]},{"@type":"ImageObject","inLanguage":"en-US","@id":"https:\/\/justynabronowska.pl\/fotografia-slubna\/zakochani-gory-kawa\/#primaryimage","url":"https:\/\/justynabronowska.pl\/fotografia-slubna\/wp-content\/uploads\/sites\/2\/2021\/06\/sesja_narzeczenska_beskidy021-1.jpg","contentUrl":"https:\/\/justynabronowska.pl\/fotografia-slubna\/wp-content\/uploads\/sites\/2\/2021\/06\/sesja_narzeczenska_beskidy021-1.jpg","width":1600,"height":1067},{"@type":"BreadcrumbList","@id":"https:\/\/justynabronowska.pl\/fotografia-slubna\/zakochani-gory-kawa\/#breadcrumb","itemListElement":[{"@type":"ListItem","position":1,"name":"Home","item":"https:\/\/justynabronowska.pl\/fotografia-slubna\/"},{"@type":"ListItem","position":2,"name":"Zakochani, g\u00f3ry, kawa"}]},{"@type":"WebSite","@id":"https:\/\/justynabronowska.pl\/fotografia-slubna\/#website","url":"https:\/\/justynabronowska.pl\/fotografia-slubna\/","name":"Justyna Bronowska Fotografia - Naturalna fotografia \u015blubna, Bielsko-Bia\u0142a, Krak\u00f3w, \u015al\u0105sk","description":"Justyna Bronowska Fotografia - Naturalna fotografia \u015blubna, Bielsko-Bia\u0142a, Krak\u00f3w, \u015al\u0105sk","potentialAction":[{"@type":"SearchAction","target":{"@type":"EntryPoint","urlTemplate":"https:\/\/justynabronowska.pl\/fotografia-slubna\/?s={search_term_string}"},"query-input":{"@type":"PropertyValueSpecification","valueRequired":true,"valueName":"search_term_string"}}],"inLanguage":"en-US"},{"@type":"Person","@id":"https:\/\/justynabronowska.pl\/fotografia-slubna\/#\/schema\/person\/6c4ecde1a4b4fe3519f8ab8ce8d68e30","name":"admin","image":{"@type":"ImageObject","inLanguage":"en-US","@id":"https:\/\/secure.gravatar.com\/avatar\/29bf5daac66150479063cb58106501dc39e4fa1129c87d50f2cd7573b0165bb6?s=96&d=mm&r=g","url":"https:\/\/secure.gravatar.com\/avatar\/29bf5daac66150479063cb58106501dc39e4fa1129c87d50f2cd7573b0165bb6?s=96&d=mm&r=g","contentUrl":"https:\/\/secure.gravatar.com\/avatar\/29bf5daac66150479063cb58106501dc39e4fa1129c87d50f2cd7573b0165bb6?s=96&d=mm&r=g","caption":"admin"},"url":"https:\/\/justynabronowska.pl\/fotografia-slubna\/author\/admin\/"}]}},"_links":{"self":[{"href":"https:\/\/justynabronowska.pl\/fotografia-slubna\/wp-json\/wp\/v2\/posts\/6688","targetHints":{"allow":["GET"]}}],"collection":[{"href":"https:\/\/justynabronowska.pl\/fotografia-slubna\/wp-json\/wp\/v2\/posts"}],"about":[{"href":"https:\/\/justynabronowska.pl\/fotografia-slubna\/wp-json\/wp\/v2\/types\/post"}],"author":[{"embeddable":true,"href":"https:\/\/justynabronowska.pl\/fotografia-slubna\/wp-json\/wp\/v2\/users\/1"}],"replies":[{"embeddable":true,"href":"https:\/\/justynabronowska.pl\/fotografia-slubna\/wp-json\/wp\/v2\/comments?post=6688"}],"version-history":[{"count":4,"href":"https:\/\/justynabronowska.pl\/fotografia-slubna\/wp-json\/wp\/v2\/posts\/6688\/revisions"}],"predecessor-version":[{"id":6725,"href":"https:\/\/justynabronowska.pl\/fotografia-slubna\/wp-json\/wp\/v2\/posts\/6688\/revisions\/6725"}],"wp:featuredmedia":[{"embeddable":true,"href":"https:\/\/justynabronowska.pl\/fotografia-slubna\/wp-json\/wp\/v2\/media\/6701"}],"wp:attachment":[{"href":"https:\/\/justynabronowska.pl\/fotografia-slubna\/wp-json\/wp\/v2\/media?parent=6688"}],"wp:term":[{"taxonomy":"category","embeddable":true,"href":"https:\/\/justynabronowska.pl\/fotografia-slubna\/wp-json\/wp\/v2\/categories?post=6688"},{"taxonomy":"post_tag","embeddable":true,"href":"https:\/\/justynabronowska.pl\/fotografia-slubna\/wp-json\/wp\/v2\/tags?post=6688"}],"curies":[{"name":"wp","href":"https:\/\/api.w.org\/{rel}","templated":true}]}}