{"id":4168,"date":"2025-01-27T20:47:45","date_gmt":"2025-01-27T18:47:45","guid":{"rendered":"https:\/\/justynabronowska.pl\/fotografia\/?p=4168"},"modified":"2025-01-27T20:47:45","modified_gmt":"2025-01-27T18:47:45","slug":"minimalizm-i-portrety","status":"publish","type":"post","link":"https:\/\/justynabronowska.pl\/fotografia\/minimalizm-i-portrety\/","title":{"rendered":"Minimalizm i portrety"},"content":{"rendered":"\n<p>Najpi\u0119kniejsze w portretach jest to, \u017ce id\u0105 za nimi przer\u00f3\u017cne historie. Najwa\u017cniejsze za\u015b w portretowaniu s\u0105 relacja i empatia. <img loading=\"lazy\" decoding=\"async\" height=\"16\" width=\"16\" alt=\"?\" src=\"https:\/\/static.xx.fbcdn.net\/images\/emoji.php\/v9\/t18\/1\/16\/1fa76.png\">W tym roku, opr\u00f3cz portret\u00f3w wizerunkowych, g\u0142\u0119biej wejd\u0119 w takie nastrojowe kadry. Minimalizm, naturalne, mi\u0119kkie \u015bwiat\u0142o, szczypta melancholii i wyraziste spojrzenie.<\/p>\n\n\n\n<p>Gosia <img loading=\"lazy\" decoding=\"async\" height=\"16\" width=\"16\" src=\"https:\/\/static.xx.fbcdn.net\/images\/emoji.php\/v9\/t46\/1\/16\/1f90e.png\" alt=\"?\"> zim\u0105 w Krakowie, kilka kadr\u00f3w.<\/p>\n\n\n\n<p>\u2022 sesja portretowaa \u2022 sesja zdj\u0119ciowa \u2022 kobiecy portret\u2022 fotograf bielsko \u2022 fotograf krak\u00f3w \u2022 nastrojowa fotografia \u2022<\/p>\n\n\n\n<figure class=\"wp-block-gallery has-nested-images columns-default is-cropped wp-block-gallery-1 is-layout-flex wp-block-gallery-is-layout-flex\">\n<figure class=\"wp-block-image size-large\"><img loading=\"lazy\" decoding=\"async\" width=\"1000\" height=\"1500\" data-id=\"4173\" src=\"https:\/\/justynabronowska.pl\/fotografia\/wp-content\/uploads\/sites\/3\/2025\/01\/sesja-kobieca-krakow-bielsko001-1000x1500.jpg\" alt=\"\" class=\"wp-image-4173\" srcset=\"https:\/\/justynabronowska.pl\/fotografia\/wp-content\/uploads\/sites\/3\/2025\/01\/sesja-kobieca-krakow-bielsko001-1000x1500.jpg 1000w, https:\/\/justynabronowska.pl\/fotografia\/wp-content\/uploads\/sites\/3\/2025\/01\/sesja-kobieca-krakow-bielsko001-683x1024.jpg 683w, https:\/\/justynabronowska.pl\/fotografia\/wp-content\/uploads\/sites\/3\/2025\/01\/sesja-kobieca-krakow-bielsko001-768x1152.jpg 768w, https:\/\/justynabronowska.pl\/fotografia\/wp-content\/uploads\/sites\/3\/2025\/01\/sesja-kobieca-krakow-bielsko001-1024x1536.jpg 1024w, https:\/\/justynabronowska.pl\/fotografia\/wp-content\/uploads\/sites\/3\/2025\/01\/sesja-kobieca-krakow-bielsko001.jpg 1200w\" sizes=\"auto, (max-width: 1000px) 100vw, 1000px\" \/><\/figure>\n\n\n\n<figure class=\"wp-block-image size-large\"><img loading=\"lazy\" decoding=\"async\" width=\"1000\" height=\"1500\" data-id=\"4171\" src=\"https:\/\/justynabronowska.pl\/fotografia\/wp-content\/uploads\/sites\/3\/2025\/01\/sesja-kobieca-krakow-bielsko002-1000x1500.jpg\" alt=\"\" class=\"wp-image-4171\" srcset=\"https:\/\/justynabronowska.pl\/fotografia\/wp-content\/uploads\/sites\/3\/2025\/01\/sesja-kobieca-krakow-bielsko002-1000x1500.jpg 1000w, https:\/\/justynabronowska.pl\/fotografia\/wp-content\/uploads\/sites\/3\/2025\/01\/sesja-kobieca-krakow-bielsko002-683x1024.jpg 683w, https:\/\/justynabronowska.pl\/fotografia\/wp-content\/uploads\/sites\/3\/2025\/01\/sesja-kobieca-krakow-bielsko002-768x1152.jpg 768w, https:\/\/justynabronowska.pl\/fotografia\/wp-content\/uploads\/sites\/3\/2025\/01\/sesja-kobieca-krakow-bielsko002-1024x1536.jpg 1024w, https:\/\/justynabronowska.pl\/fotografia\/wp-content\/uploads\/sites\/3\/2025\/01\/sesja-kobieca-krakow-bielsko002.jpg 1200w\" sizes=\"auto, (max-width: 1000px) 100vw, 1000px\" \/><\/figure>\n\n\n\n<figure class=\"wp-block-image size-large\"><img loading=\"lazy\" decoding=\"async\" width=\"1000\" height=\"1500\" data-id=\"4174\" src=\"https:\/\/justynabronowska.pl\/fotografia\/wp-content\/uploads\/sites\/3\/2025\/01\/sesja-kobieca-krakow-bielsko003-1000x1500.jpg\" alt=\"\" class=\"wp-image-4174\" srcset=\"https:\/\/justynabronowska.pl\/fotografia\/wp-content\/uploads\/sites\/3\/2025\/01\/sesja-kobieca-krakow-bielsko003-1000x1500.jpg 1000w, https:\/\/justynabronowska.pl\/fotografia\/wp-content\/uploads\/sites\/3\/2025\/01\/sesja-kobieca-krakow-bielsko003-683x1024.jpg 683w, https:\/\/justynabronowska.pl\/fotografia\/wp-content\/uploads\/sites\/3\/2025\/01\/sesja-kobieca-krakow-bielsko003-768x1152.jpg 768w, https:\/\/justynabronowska.pl\/fotografia\/wp-content\/uploads\/sites\/3\/2025\/01\/sesja-kobieca-krakow-bielsko003-1024x1536.jpg 1024w, https:\/\/justynabronowska.pl\/fotografia\/wp-content\/uploads\/sites\/3\/2025\/01\/sesja-kobieca-krakow-bielsko003.jpg 1200w\" sizes=\"auto, (max-width: 1000px) 100vw, 1000px\" \/><\/figure>\n\n\n\n<figure class=\"wp-block-image size-large\"><img loading=\"lazy\" decoding=\"async\" width=\"1000\" height=\"1500\" data-id=\"4170\" src=\"https:\/\/justynabronowska.pl\/fotografia\/wp-content\/uploads\/sites\/3\/2025\/01\/sesja-kobieca-krakow-bielsko005-1000x1500.jpg\" alt=\"\" class=\"wp-image-4170\" srcset=\"https:\/\/justynabronowska.pl\/fotografia\/wp-content\/uploads\/sites\/3\/2025\/01\/sesja-kobieca-krakow-bielsko005-1000x1500.jpg 1000w, https:\/\/justynabronowska.pl\/fotografia\/wp-content\/uploads\/sites\/3\/2025\/01\/sesja-kobieca-krakow-bielsko005-683x1024.jpg 683w, https:\/\/justynabronowska.pl\/fotografia\/wp-content\/uploads\/sites\/3\/2025\/01\/sesja-kobieca-krakow-bielsko005-768x1152.jpg 768w, https:\/\/justynabronowska.pl\/fotografia\/wp-content\/uploads\/sites\/3\/2025\/01\/sesja-kobieca-krakow-bielsko005-1024x1536.jpg 1024w, https:\/\/justynabronowska.pl\/fotografia\/wp-content\/uploads\/sites\/3\/2025\/01\/sesja-kobieca-krakow-bielsko005.jpg 1200w\" sizes=\"auto, (max-width: 1000px) 100vw, 1000px\" \/><\/figure>\n\n\n\n<figure class=\"wp-block-image size-large\"><img loading=\"lazy\" decoding=\"async\" width=\"1000\" height=\"1500\" data-id=\"4172\" src=\"https:\/\/justynabronowska.pl\/fotografia\/wp-content\/uploads\/sites\/3\/2025\/01\/sesja-kobieca-krakow-bielsko006-1000x1500.jpg\" alt=\"\" class=\"wp-image-4172\" srcset=\"https:\/\/justynabronowska.pl\/fotografia\/wp-content\/uploads\/sites\/3\/2025\/01\/sesja-kobieca-krakow-bielsko006-1000x1500.jpg 1000w, https:\/\/justynabronowska.pl\/fotografia\/wp-content\/uploads\/sites\/3\/2025\/01\/sesja-kobieca-krakow-bielsko006-683x1024.jpg 683w, https:\/\/justynabronowska.pl\/fotografia\/wp-content\/uploads\/sites\/3\/2025\/01\/sesja-kobieca-krakow-bielsko006-768x1152.jpg 768w, https:\/\/justynabronowska.pl\/fotografia\/wp-content\/uploads\/sites\/3\/2025\/01\/sesja-kobieca-krakow-bielsko006-1024x1536.jpg 1024w, https:\/\/justynabronowska.pl\/fotografia\/wp-content\/uploads\/sites\/3\/2025\/01\/sesja-kobieca-krakow-bielsko006.jpg 1200w\" sizes=\"auto, (max-width: 1000px) 100vw, 1000px\" \/><\/figure>\n\n\n\n<figure class=\"wp-block-image size-large\"><img loading=\"lazy\" decoding=\"async\" width=\"1000\" height=\"1500\" data-id=\"4176\" src=\"https:\/\/justynabronowska.pl\/fotografia\/wp-content\/uploads\/sites\/3\/2025\/01\/sesja-kobieca-krakow-bielsko008-1000x1500.jpg\" alt=\"\" class=\"wp-image-4176\" srcset=\"https:\/\/justynabronowska.pl\/fotografia\/wp-content\/uploads\/sites\/3\/2025\/01\/sesja-kobieca-krakow-bielsko008-1000x1500.jpg 1000w, https:\/\/justynabronowska.pl\/fotografia\/wp-content\/uploads\/sites\/3\/2025\/01\/sesja-kobieca-krakow-bielsko008-683x1024.jpg 683w, https:\/\/justynabronowska.pl\/fotografia\/wp-content\/uploads\/sites\/3\/2025\/01\/sesja-kobieca-krakow-bielsko008-768x1152.jpg 768w, https:\/\/justynabronowska.pl\/fotografia\/wp-content\/uploads\/sites\/3\/2025\/01\/sesja-kobieca-krakow-bielsko008-1024x1536.jpg 1024w, https:\/\/justynabronowska.pl\/fotografia\/wp-content\/uploads\/sites\/3\/2025\/01\/sesja-kobieca-krakow-bielsko008-1365x2048.jpg 1365w, https:\/\/justynabronowska.pl\/fotografia\/wp-content\/uploads\/sites\/3\/2025\/01\/sesja-kobieca-krakow-bielsko008-scaled.jpg 1707w\" sizes=\"auto, (max-width: 1000px) 100vw, 1000px\" \/><\/figure>\n\n\n\n<figure class=\"wp-block-image size-large\"><img loading=\"lazy\" decoding=\"async\" width=\"1800\" height=\"1200\" data-id=\"4169\" src=\"https:\/\/justynabronowska.pl\/fotografia\/wp-content\/uploads\/sites\/3\/2025\/01\/sesja-kobieca-krakow-bielsko004.jpg\" alt=\"\" class=\"wp-image-4169\" srcset=\"https:\/\/justynabronowska.pl\/fotografia\/wp-content\/uploads\/sites\/3\/2025\/01\/sesja-kobieca-krakow-bielsko004.jpg 1800w, https:\/\/justynabronowska.pl\/fotografia\/wp-content\/uploads\/sites\/3\/2025\/01\/sesja-kobieca-krakow-bielsko004-1024x683.jpg 1024w, https:\/\/justynabronowska.pl\/fotografia\/wp-content\/uploads\/sites\/3\/2025\/01\/sesja-kobieca-krakow-bielsko004-768x512.jpg 768w, https:\/\/justynabronowska.pl\/fotografia\/wp-content\/uploads\/sites\/3\/2025\/01\/sesja-kobieca-krakow-bielsko004-1536x1024.jpg 1536w\" sizes=\"auto, (max-width: 1800px) 100vw, 1800px\" \/><\/figure>\n\n\n\n<figure class=\"wp-block-image size-large\"><img loading=\"lazy\" decoding=\"async\" width=\"1800\" height=\"1200\" data-id=\"4175\" src=\"https:\/\/justynabronowska.pl\/fotografia\/wp-content\/uploads\/sites\/3\/2025\/01\/sesja-kobieca-krakow-bielsko007.jpg\" alt=\"\" class=\"wp-image-4175\" srcset=\"https:\/\/justynabronowska.pl\/fotografia\/wp-content\/uploads\/sites\/3\/2025\/01\/sesja-kobieca-krakow-bielsko007.jpg 1800w, https:\/\/justynabronowska.pl\/fotografia\/wp-content\/uploads\/sites\/3\/2025\/01\/sesja-kobieca-krakow-bielsko007-1024x683.jpg 1024w, https:\/\/justynabronowska.pl\/fotografia\/wp-content\/uploads\/sites\/3\/2025\/01\/sesja-kobieca-krakow-bielsko007-768x512.jpg 768w, https:\/\/justynabronowska.pl\/fotografia\/wp-content\/uploads\/sites\/3\/2025\/01\/sesja-kobieca-krakow-bielsko007-1536x1024.jpg 1536w\" sizes=\"auto, (max-width: 1800px) 100vw, 1800px\" \/><\/figure>\n<\/figure>\n","protected":false},"excerpt":{"rendered":"<p>Najpi\u0119kniejsze w portretach jest to, \u017ce id\u0105 za nimi przer\u00f3\u017cne historie. Najwa\u017cniejsze za\u015b w portretowaniu s\u0105 relacja i empatia. W tym roku, opr\u00f3cz portret\u00f3w wizerunkowych, g\u0142\u0119biej wejd\u0119 w takie nastrojowe kadry. Minimalizm, naturalne, mi\u0119kkie \u015bwiat\u0142o, szczypta melancholii i wyraziste spojrzenie. Gosia zim\u0105 w Krakowie, kilka kadr\u00f3w. \u2022 sesja portretowaa \u2022 sesja zdj\u0119ciowa \u2022 kobiecy portret\u2022 [&hellip;]<\/p>\n","protected":false},"author":1,"featured_media":4171,"comment_status":"open","ping_status":"open","sticky":false,"template":"","format":"standard","meta":{"footnotes":""},"categories":[72,32],"tags":[8,75,147,148,149],"class_list":{"0":"post-4168","1":"post","2":"type-post","3":"status-publish","4":"format-standard","5":"has-post-thumbnail","7":"category-sesja-kobieca","8":"category-sesja-portretowa","9":"tag-fotograf-bielsko","10":"tag-fotograf-bielsko-biala","11":"tag-fotograf-kobiet-bielsko","12":"tag-fotografia-kobieca-krakow-2","13":"tag-portret-kobiecy"},"yoast_head":"<!-- This site is optimized with the Yoast SEO plugin v27.3 - https:\/\/yoast.com\/product\/yoast-seo-wordpress\/ -->\n<title>Minimalizm i portrety - Justyna Bronowska Fotografia - Fotografia \u015blubna, wizerunkowa, rodzinna Bielsko-Bia\u0142a, \u015al\u0105sk<\/title>\n<meta name=\"robots\" content=\"index, follow, max-snippet:-1, max-image-preview:large, max-video-preview:-1\" \/>\n<link rel=\"canonical\" href=\"https:\/\/justynabronowska.pl\/fotografia\/minimalizm-i-portrety\/\" \/>\n<meta property=\"og:locale\" content=\"pl_PL\" \/>\n<meta property=\"og:type\" content=\"article\" \/>\n<meta property=\"og:title\" content=\"Minimalizm i portrety - Justyna Bronowska Fotografia - Fotografia \u015blubna, wizerunkowa, rodzinna Bielsko-Bia\u0142a, \u015al\u0105sk\" \/>\n<meta property=\"og:description\" content=\"Najpi\u0119kniejsze w portretach jest to, \u017ce id\u0105 za nimi przer\u00f3\u017cne historie. Najwa\u017cniejsze za\u015b w portretowaniu s\u0105 relacja i empatia. W tym roku, opr\u00f3cz portret\u00f3w wizerunkowych, g\u0142\u0119biej wejd\u0119 w takie nastrojowe kadry. Minimalizm, naturalne, mi\u0119kkie \u015bwiat\u0142o, szczypta melancholii i wyraziste spojrzenie. Gosia zim\u0105 w Krakowie, kilka kadr\u00f3w. \u2022 sesja portretowaa \u2022 sesja zdj\u0119ciowa \u2022 kobiecy portret\u2022 [&hellip;]\" \/>\n<meta property=\"og:url\" content=\"https:\/\/justynabronowska.pl\/fotografia\/minimalizm-i-portrety\/\" \/>\n<meta property=\"og:site_name\" content=\"Justyna Bronowska Fotografia - Fotografia \u015blubna, wizerunkowa, rodzinna Bielsko-Bia\u0142a, \u015al\u0105sk\" \/>\n<meta property=\"article:published_time\" content=\"2025-01-27T18:47:45+00:00\" \/>\n<meta property=\"og:image\" content=\"https:\/\/justynabronowska.pl\/fotografia\/wp-content\/uploads\/sites\/3\/2025\/01\/sesja-kobieca-krakow-bielsko002.jpg\" \/>\n\t<meta property=\"og:image:width\" content=\"1200\" \/>\n\t<meta property=\"og:image:height\" content=\"1800\" \/>\n\t<meta property=\"og:image:type\" content=\"image\/jpeg\" \/>\n<meta name=\"author\" content=\"admin\" \/>\n<meta name=\"twitter:card\" content=\"summary_large_image\" \/>\n<meta name=\"twitter:label1\" content=\"Napisane przez\" \/>\n\t<meta name=\"twitter:data1\" content=\"admin\" \/>\n<script type=\"application\/ld+json\" class=\"yoast-schema-graph\">{\"@context\":\"https:\\\/\\\/schema.org\",\"@graph\":[{\"@type\":\"Article\",\"@id\":\"https:\\\/\\\/justynabronowska.pl\\\/fotografia\\\/minimalizm-i-portrety\\\/#article\",\"isPartOf\":{\"@id\":\"https:\\\/\\\/justynabronowska.pl\\\/fotografia\\\/minimalizm-i-portrety\\\/\"},\"author\":{\"name\":\"admin\",\"@id\":\"https:\\\/\\\/justynabronowska.pl\\\/fotografia\\\/#\\\/schema\\\/person\\\/6c4ecde1a4b4fe3519f8ab8ce8d68e30\"},\"headline\":\"Minimalizm i portrety\",\"datePublished\":\"2025-01-27T18:47:45+00:00\",\"mainEntityOfPage\":{\"@id\":\"https:\\\/\\\/justynabronowska.pl\\\/fotografia\\\/minimalizm-i-portrety\\\/\"},\"wordCount\":72,\"commentCount\":0,\"image\":{\"@id\":\"https:\\\/\\\/justynabronowska.pl\\\/fotografia\\\/minimalizm-i-portrety\\\/#primaryimage\"},\"thumbnailUrl\":\"https:\\\/\\\/justynabronowska.pl\\\/fotografia\\\/wp-content\\\/uploads\\\/sites\\\/3\\\/2025\\\/01\\\/sesja-kobieca-krakow-bielsko002.jpg\",\"keywords\":[\"fotograf bielsko\",\"fotograf bielsko bia\u0142a\",\"fotograf kobiet bielsko\",\"fotografia kobieca krakow\",\"portret kobiecy\"],\"articleSection\":[\"sesja kobieca\",\"sesja portretowa\"],\"inLanguage\":\"pl-PL\",\"potentialAction\":[{\"@type\":\"CommentAction\",\"name\":\"Comment\",\"target\":[\"https:\\\/\\\/justynabronowska.pl\\\/fotografia\\\/minimalizm-i-portrety\\\/#respond\"]}]},{\"@type\":\"WebPage\",\"@id\":\"https:\\\/\\\/justynabronowska.pl\\\/fotografia\\\/minimalizm-i-portrety\\\/\",\"url\":\"https:\\\/\\\/justynabronowska.pl\\\/fotografia\\\/minimalizm-i-portrety\\\/\",\"name\":\"Minimalizm i portrety - Justyna Bronowska Fotografia - Fotografia \u015blubna, wizerunkowa, rodzinna Bielsko-Bia\u0142a, \u015al\u0105sk\",\"isPartOf\":{\"@id\":\"https:\\\/\\\/justynabronowska.pl\\\/fotografia\\\/#website\"},\"primaryImageOfPage\":{\"@id\":\"https:\\\/\\\/justynabronowska.pl\\\/fotografia\\\/minimalizm-i-portrety\\\/#primaryimage\"},\"image\":{\"@id\":\"https:\\\/\\\/justynabronowska.pl\\\/fotografia\\\/minimalizm-i-portrety\\\/#primaryimage\"},\"thumbnailUrl\":\"https:\\\/\\\/justynabronowska.pl\\\/fotografia\\\/wp-content\\\/uploads\\\/sites\\\/3\\\/2025\\\/01\\\/sesja-kobieca-krakow-bielsko002.jpg\",\"datePublished\":\"2025-01-27T18:47:45+00:00\",\"author\":{\"@id\":\"https:\\\/\\\/justynabronowska.pl\\\/fotografia\\\/#\\\/schema\\\/person\\\/6c4ecde1a4b4fe3519f8ab8ce8d68e30\"},\"breadcrumb\":{\"@id\":\"https:\\\/\\\/justynabronowska.pl\\\/fotografia\\\/minimalizm-i-portrety\\\/#breadcrumb\"},\"inLanguage\":\"pl-PL\",\"potentialAction\":[{\"@type\":\"ReadAction\",\"target\":[\"https:\\\/\\\/justynabronowska.pl\\\/fotografia\\\/minimalizm-i-portrety\\\/\"]}]},{\"@type\":\"ImageObject\",\"inLanguage\":\"pl-PL\",\"@id\":\"https:\\\/\\\/justynabronowska.pl\\\/fotografia\\\/minimalizm-i-portrety\\\/#primaryimage\",\"url\":\"https:\\\/\\\/justynabronowska.pl\\\/fotografia\\\/wp-content\\\/uploads\\\/sites\\\/3\\\/2025\\\/01\\\/sesja-kobieca-krakow-bielsko002.jpg\",\"contentUrl\":\"https:\\\/\\\/justynabronowska.pl\\\/fotografia\\\/wp-content\\\/uploads\\\/sites\\\/3\\\/2025\\\/01\\\/sesja-kobieca-krakow-bielsko002.jpg\",\"width\":1200,\"height\":1800},{\"@type\":\"BreadcrumbList\",\"@id\":\"https:\\\/\\\/justynabronowska.pl\\\/fotografia\\\/minimalizm-i-portrety\\\/#breadcrumb\",\"itemListElement\":[{\"@type\":\"ListItem\",\"position\":1,\"name\":\"Home\",\"item\":\"https:\\\/\\\/justynabronowska.pl\\\/fotografia\\\/\"},{\"@type\":\"ListItem\",\"position\":2,\"name\":\"Minimalizm i portrety\"}]},{\"@type\":\"WebSite\",\"@id\":\"https:\\\/\\\/justynabronowska.pl\\\/fotografia\\\/#website\",\"url\":\"https:\\\/\\\/justynabronowska.pl\\\/fotografia\\\/\",\"name\":\"Justyna Bronowska Fotografia - Fotografia \u015blubna, wizerunkowa, rodzinna Bielsko-Bia\u0142a, \u015al\u0105sk\",\"description\":\"Justyna Bronowska Fotografia - Fotografia \u015blubna, wizerunkowa, rodzinna Bielsko-Bia\u0142a, \u015al\u0105sk\",\"potentialAction\":[{\"@type\":\"SearchAction\",\"target\":{\"@type\":\"EntryPoint\",\"urlTemplate\":\"https:\\\/\\\/justynabronowska.pl\\\/fotografia\\\/?s={search_term_string}\"},\"query-input\":{\"@type\":\"PropertyValueSpecification\",\"valueRequired\":true,\"valueName\":\"search_term_string\"}}],\"inLanguage\":\"pl-PL\"},{\"@type\":\"Person\",\"@id\":\"https:\\\/\\\/justynabronowska.pl\\\/fotografia\\\/#\\\/schema\\\/person\\\/6c4ecde1a4b4fe3519f8ab8ce8d68e30\",\"name\":\"admin\",\"image\":{\"@type\":\"ImageObject\",\"inLanguage\":\"pl-PL\",\"@id\":\"https:\\\/\\\/secure.gravatar.com\\\/avatar\\\/29bf5daac66150479063cb58106501dc39e4fa1129c87d50f2cd7573b0165bb6?s=96&d=mm&r=g\",\"url\":\"https:\\\/\\\/secure.gravatar.com\\\/avatar\\\/29bf5daac66150479063cb58106501dc39e4fa1129c87d50f2cd7573b0165bb6?s=96&d=mm&r=g\",\"contentUrl\":\"https:\\\/\\\/secure.gravatar.com\\\/avatar\\\/29bf5daac66150479063cb58106501dc39e4fa1129c87d50f2cd7573b0165bb6?s=96&d=mm&r=g\",\"caption\":\"admin\"},\"url\":\"https:\\\/\\\/justynabronowska.pl\\\/fotografia\\\/author\\\/admin\\\/\"}]}<\/script>\n<!-- \/ Yoast SEO plugin. -->","yoast_head_json":{"title":"Minimalizm i portrety - Justyna Bronowska Fotografia - Fotografia \u015blubna, wizerunkowa, rodzinna Bielsko-Bia\u0142a, \u015al\u0105sk","robots":{"index":"index","follow":"follow","max-snippet":"max-snippet:-1","max-image-preview":"max-image-preview:large","max-video-preview":"max-video-preview:-1"},"canonical":"https:\/\/justynabronowska.pl\/fotografia\/minimalizm-i-portrety\/","og_locale":"pl_PL","og_type":"article","og_title":"Minimalizm i portrety - Justyna Bronowska Fotografia - Fotografia \u015blubna, wizerunkowa, rodzinna Bielsko-Bia\u0142a, \u015al\u0105sk","og_description":"Najpi\u0119kniejsze w portretach jest to, \u017ce id\u0105 za nimi przer\u00f3\u017cne historie. Najwa\u017cniejsze za\u015b w portretowaniu s\u0105 relacja i empatia. W tym roku, opr\u00f3cz portret\u00f3w wizerunkowych, g\u0142\u0119biej wejd\u0119 w takie nastrojowe kadry. Minimalizm, naturalne, mi\u0119kkie \u015bwiat\u0142o, szczypta melancholii i wyraziste spojrzenie. Gosia zim\u0105 w Krakowie, kilka kadr\u00f3w. \u2022 sesja portretowaa \u2022 sesja zdj\u0119ciowa \u2022 kobiecy portret\u2022 [&hellip;]","og_url":"https:\/\/justynabronowska.pl\/fotografia\/minimalizm-i-portrety\/","og_site_name":"Justyna Bronowska Fotografia - Fotografia \u015blubna, wizerunkowa, rodzinna Bielsko-Bia\u0142a, \u015al\u0105sk","article_published_time":"2025-01-27T18:47:45+00:00","og_image":[{"width":1200,"height":1800,"url":"https:\/\/justynabronowska.pl\/fotografia\/wp-content\/uploads\/sites\/3\/2025\/01\/sesja-kobieca-krakow-bielsko002.jpg","type":"image\/jpeg"}],"author":"admin","twitter_card":"summary_large_image","twitter_misc":{"Napisane przez":"admin"},"schema":{"@context":"https:\/\/schema.org","@graph":[{"@type":"Article","@id":"https:\/\/justynabronowska.pl\/fotografia\/minimalizm-i-portrety\/#article","isPartOf":{"@id":"https:\/\/justynabronowska.pl\/fotografia\/minimalizm-i-portrety\/"},"author":{"name":"admin","@id":"https:\/\/justynabronowska.pl\/fotografia\/#\/schema\/person\/6c4ecde1a4b4fe3519f8ab8ce8d68e30"},"headline":"Minimalizm i portrety","datePublished":"2025-01-27T18:47:45+00:00","mainEntityOfPage":{"@id":"https:\/\/justynabronowska.pl\/fotografia\/minimalizm-i-portrety\/"},"wordCount":72,"commentCount":0,"image":{"@id":"https:\/\/justynabronowska.pl\/fotografia\/minimalizm-i-portrety\/#primaryimage"},"thumbnailUrl":"https:\/\/justynabronowska.pl\/fotografia\/wp-content\/uploads\/sites\/3\/2025\/01\/sesja-kobieca-krakow-bielsko002.jpg","keywords":["fotograf bielsko","fotograf bielsko bia\u0142a","fotograf kobiet bielsko","fotografia kobieca krakow","portret kobiecy"],"articleSection":["sesja kobieca","sesja portretowa"],"inLanguage":"pl-PL","potentialAction":[{"@type":"CommentAction","name":"Comment","target":["https:\/\/justynabronowska.pl\/fotografia\/minimalizm-i-portrety\/#respond"]}]},{"@type":"WebPage","@id":"https:\/\/justynabronowska.pl\/fotografia\/minimalizm-i-portrety\/","url":"https:\/\/justynabronowska.pl\/fotografia\/minimalizm-i-portrety\/","name":"Minimalizm i portrety - Justyna Bronowska Fotografia - Fotografia \u015blubna, wizerunkowa, rodzinna Bielsko-Bia\u0142a, \u015al\u0105sk","isPartOf":{"@id":"https:\/\/justynabronowska.pl\/fotografia\/#website"},"primaryImageOfPage":{"@id":"https:\/\/justynabronowska.pl\/fotografia\/minimalizm-i-portrety\/#primaryimage"},"image":{"@id":"https:\/\/justynabronowska.pl\/fotografia\/minimalizm-i-portrety\/#primaryimage"},"thumbnailUrl":"https:\/\/justynabronowska.pl\/fotografia\/wp-content\/uploads\/sites\/3\/2025\/01\/sesja-kobieca-krakow-bielsko002.jpg","datePublished":"2025-01-27T18:47:45+00:00","author":{"@id":"https:\/\/justynabronowska.pl\/fotografia\/#\/schema\/person\/6c4ecde1a4b4fe3519f8ab8ce8d68e30"},"breadcrumb":{"@id":"https:\/\/justynabronowska.pl\/fotografia\/minimalizm-i-portrety\/#breadcrumb"},"inLanguage":"pl-PL","potentialAction":[{"@type":"ReadAction","target":["https:\/\/justynabronowska.pl\/fotografia\/minimalizm-i-portrety\/"]}]},{"@type":"ImageObject","inLanguage":"pl-PL","@id":"https:\/\/justynabronowska.pl\/fotografia\/minimalizm-i-portrety\/#primaryimage","url":"https:\/\/justynabronowska.pl\/fotografia\/wp-content\/uploads\/sites\/3\/2025\/01\/sesja-kobieca-krakow-bielsko002.jpg","contentUrl":"https:\/\/justynabronowska.pl\/fotografia\/wp-content\/uploads\/sites\/3\/2025\/01\/sesja-kobieca-krakow-bielsko002.jpg","width":1200,"height":1800},{"@type":"BreadcrumbList","@id":"https:\/\/justynabronowska.pl\/fotografia\/minimalizm-i-portrety\/#breadcrumb","itemListElement":[{"@type":"ListItem","position":1,"name":"Home","item":"https:\/\/justynabronowska.pl\/fotografia\/"},{"@type":"ListItem","position":2,"name":"Minimalizm i portrety"}]},{"@type":"WebSite","@id":"https:\/\/justynabronowska.pl\/fotografia\/#website","url":"https:\/\/justynabronowska.pl\/fotografia\/","name":"Justyna Bronowska Fotografia - Fotografia \u015blubna, wizerunkowa, rodzinna Bielsko-Bia\u0142a, \u015al\u0105sk","description":"Justyna Bronowska Fotografia - Fotografia \u015blubna, wizerunkowa, rodzinna Bielsko-Bia\u0142a, \u015al\u0105sk","potentialAction":[{"@type":"SearchAction","target":{"@type":"EntryPoint","urlTemplate":"https:\/\/justynabronowska.pl\/fotografia\/?s={search_term_string}"},"query-input":{"@type":"PropertyValueSpecification","valueRequired":true,"valueName":"search_term_string"}}],"inLanguage":"pl-PL"},{"@type":"Person","@id":"https:\/\/justynabronowska.pl\/fotografia\/#\/schema\/person\/6c4ecde1a4b4fe3519f8ab8ce8d68e30","name":"admin","image":{"@type":"ImageObject","inLanguage":"pl-PL","@id":"https:\/\/secure.gravatar.com\/avatar\/29bf5daac66150479063cb58106501dc39e4fa1129c87d50f2cd7573b0165bb6?s=96&d=mm&r=g","url":"https:\/\/secure.gravatar.com\/avatar\/29bf5daac66150479063cb58106501dc39e4fa1129c87d50f2cd7573b0165bb6?s=96&d=mm&r=g","contentUrl":"https:\/\/secure.gravatar.com\/avatar\/29bf5daac66150479063cb58106501dc39e4fa1129c87d50f2cd7573b0165bb6?s=96&d=mm&r=g","caption":"admin"},"url":"https:\/\/justynabronowska.pl\/fotografia\/author\/admin\/"}]}},"_links":{"self":[{"href":"https:\/\/justynabronowska.pl\/fotografia\/wp-json\/wp\/v2\/posts\/4168","targetHints":{"allow":["GET"]}}],"collection":[{"href":"https:\/\/justynabronowska.pl\/fotografia\/wp-json\/wp\/v2\/posts"}],"about":[{"href":"https:\/\/justynabronowska.pl\/fotografia\/wp-json\/wp\/v2\/types\/post"}],"author":[{"embeddable":true,"href":"https:\/\/justynabronowska.pl\/fotografia\/wp-json\/wp\/v2\/users\/1"}],"replies":[{"embeddable":true,"href":"https:\/\/justynabronowska.pl\/fotografia\/wp-json\/wp\/v2\/comments?post=4168"}],"version-history":[{"count":2,"href":"https:\/\/justynabronowska.pl\/fotografia\/wp-json\/wp\/v2\/posts\/4168\/revisions"}],"predecessor-version":[{"id":4178,"href":"https:\/\/justynabronowska.pl\/fotografia\/wp-json\/wp\/v2\/posts\/4168\/revisions\/4178"}],"wp:featuredmedia":[{"embeddable":true,"href":"https:\/\/justynabronowska.pl\/fotografia\/wp-json\/wp\/v2\/media\/4171"}],"wp:attachment":[{"href":"https:\/\/justynabronowska.pl\/fotografia\/wp-json\/wp\/v2\/media?parent=4168"}],"wp:term":[{"taxonomy":"category","embeddable":true,"href":"https:\/\/justynabronowska.pl\/fotografia\/wp-json\/wp\/v2\/categories?post=4168"},{"taxonomy":"post_tag","embeddable":true,"href":"https:\/\/justynabronowska.pl\/fotografia\/wp-json\/wp\/v2\/tags?post=4168"}],"curies":[{"name":"wp","href":"https:\/\/api.w.org\/{rel}","templated":true}]}}