{"id":4286,"date":"2025-06-09T11:51:47","date_gmt":"2025-06-09T09:51:47","guid":{"rendered":"https:\/\/justynabronowska.pl\/fotografia\/?p=4286"},"modified":"2025-06-09T11:53:02","modified_gmt":"2025-06-09T09:53:02","slug":"sesja_kobieca_bielsko","status":"publish","type":"post","link":"https:\/\/justynabronowska.pl\/fotografia\/sesja_kobieca_bielsko\/","title":{"rendered":"Magda i Aza"},"content":{"rendered":"\n<p>Magda i Aza, zjawiskowo <img loading=\"lazy\" decoding=\"async\" height=\"16\" width=\"16\" src=\"https:\/\/static.xx.fbcdn.net\/images\/emoji.php\/v9\/tf4\/1\/16\/2728.png\" alt=\"\u2728\"><img loading=\"lazy\" decoding=\"async\" height=\"16\" width=\"16\" src=\"https:\/\/static.xx.fbcdn.net\/images\/emoji.php\/v9\/tf7\/1\/16\/26f0.png\" alt=\"\u26f0\"> Uwielbiam takie historie, kiedy spotykam si\u0119 z kim\u015b pierwszy raz w \u017cyciu w dodatku o niezwyk\u0142ej porze, jak \u015bwit. Szarym porankiem wchodzi\u0142y\u015bmy na moj\u0105 lokaln\u0105 g\u00f3rk\u0119, rozmowa wartko si\u0119 toczy\u0142a, mg\u0142y g\u0119sto otula\u0142y g\u00f3ry. Tak g\u0119sto, \u017ce nie by\u0142o ich wida\u0107. \u015amia\u0142y\u015bmy si\u0119, \u017ce &#8216;gdzie to s\u0142o\u0144ce&#8217; ? Bo musicie wiedzie\u0107, \u017ce by\u0142 to tydzie\u0144 akcji &#8220;sesja o wschodzie s\u0142o\u0144ca&#8221; <img loading=\"lazy\" decoding=\"async\" height=\"16\" width=\"16\" src=\"https:\/\/static.xx.fbcdn.net\/images\/emoji.php\/v9\/tf\/1\/16\/1f304.png\" alt=\"?\"> Na wschodz\u0105ce s\u0142o\u0144ce nie mia\u0142y\u015bmy co liczy\u0107, ale jasne t\u0142o idealnie zgra\u0142o si\u0119 z eteryczn\u0105 urod\u0105 Magdy. Cierpliwie poczeka\u0142y\u015bmy i na s\u0142oneczne kadry, by nada\u0107 ca\u0142o\u015bci niezwyk\u0142ego klimatu. Gdyby to by\u0142y kadry z filmu, to jaki mia\u0142by tytu\u0142 <img loading=\"lazy\" decoding=\"async\" height=\"16\" width=\"16\" src=\"https:\/\/static.xx.fbcdn.net\/images\/emoji.php\/v9\/t4c\/1\/16\/1f642.png\" alt=\"?\"> ?<\/p>\n\n\n\n<p><\/p>\n\n\n\n<figure class=\"wp-block-gallery has-nested-images columns-default is-cropped wp-block-gallery-1 is-layout-flex wp-block-gallery-is-layout-flex\">\n<figure class=\"wp-block-image size-large\"><img loading=\"lazy\" decoding=\"async\" width=\"1000\" height=\"1500\" data-id=\"4315\" src=\"https:\/\/justynabronowska.pl\/fotografia\/wp-content\/uploads\/sites\/3\/2025\/06\/magda_kobieco012-1000x1500.jpg\" alt=\"\" class=\"wp-image-4315\" srcset=\"https:\/\/justynabronowska.pl\/fotografia\/wp-content\/uploads\/sites\/3\/2025\/06\/magda_kobieco012-1000x1500.jpg 1000w, https:\/\/justynabronowska.pl\/fotografia\/wp-content\/uploads\/sites\/3\/2025\/06\/magda_kobieco012-683x1024.jpg 683w, https:\/\/justynabronowska.pl\/fotografia\/wp-content\/uploads\/sites\/3\/2025\/06\/magda_kobieco012-768x1152.jpg 768w, https:\/\/justynabronowska.pl\/fotografia\/wp-content\/uploads\/sites\/3\/2025\/06\/magda_kobieco012-1024x1536.jpg 1024w, https:\/\/justynabronowska.pl\/fotografia\/wp-content\/uploads\/sites\/3\/2025\/06\/magda_kobieco012.jpg 1200w\" sizes=\"auto, (max-width: 1000px) 100vw, 1000px\" \/><\/figure>\n\n\n\n<figure class=\"wp-block-image size-large\"><img loading=\"lazy\" decoding=\"async\" width=\"1000\" height=\"1500\" data-id=\"4288\" src=\"https:\/\/justynabronowska.pl\/fotografia\/wp-content\/uploads\/sites\/3\/2025\/06\/magda_kobieco001-1000x1500.jpg\" alt=\"\" class=\"wp-image-4288\" srcset=\"https:\/\/justynabronowska.pl\/fotografia\/wp-content\/uploads\/sites\/3\/2025\/06\/magda_kobieco001-1000x1500.jpg 1000w, https:\/\/justynabronowska.pl\/fotografia\/wp-content\/uploads\/sites\/3\/2025\/06\/magda_kobieco001-683x1024.jpg 683w, https:\/\/justynabronowska.pl\/fotografia\/wp-content\/uploads\/sites\/3\/2025\/06\/magda_kobieco001-768x1152.jpg 768w, https:\/\/justynabronowska.pl\/fotografia\/wp-content\/uploads\/sites\/3\/2025\/06\/magda_kobieco001-1024x1536.jpg 1024w, https:\/\/justynabronowska.pl\/fotografia\/wp-content\/uploads\/sites\/3\/2025\/06\/magda_kobieco001.jpg 1200w\" sizes=\"auto, (max-width: 1000px) 100vw, 1000px\" \/><\/figure>\n\n\n\n<figure class=\"wp-block-image size-large\"><img loading=\"lazy\" decoding=\"async\" width=\"1800\" height=\"1200\" data-id=\"4305\" src=\"https:\/\/justynabronowska.pl\/fotografia\/wp-content\/uploads\/sites\/3\/2025\/06\/magda_kobieco022.jpg\" alt=\"\" class=\"wp-image-4305\" srcset=\"https:\/\/justynabronowska.pl\/fotografia\/wp-content\/uploads\/sites\/3\/2025\/06\/magda_kobieco022.jpg 1800w, https:\/\/justynabronowska.pl\/fotografia\/wp-content\/uploads\/sites\/3\/2025\/06\/magda_kobieco022-1024x683.jpg 1024w, https:\/\/justynabronowska.pl\/fotografia\/wp-content\/uploads\/sites\/3\/2025\/06\/magda_kobieco022-768x512.jpg 768w, https:\/\/justynabronowska.pl\/fotografia\/wp-content\/uploads\/sites\/3\/2025\/06\/magda_kobieco022-1536x1024.jpg 1536w\" sizes=\"auto, (max-width: 1800px) 100vw, 1800px\" \/><\/figure>\n\n\n\n<figure class=\"wp-block-image size-large\"><img loading=\"lazy\" decoding=\"async\" width=\"1800\" height=\"1200\" data-id=\"4310\" src=\"https:\/\/justynabronowska.pl\/fotografia\/wp-content\/uploads\/sites\/3\/2025\/06\/magda_kobieco033.jpg\" alt=\"\" class=\"wp-image-4310\" srcset=\"https:\/\/justynabronowska.pl\/fotografia\/wp-content\/uploads\/sites\/3\/2025\/06\/magda_kobieco033.jpg 1800w, https:\/\/justynabronowska.pl\/fotografia\/wp-content\/uploads\/sites\/3\/2025\/06\/magda_kobieco033-1024x683.jpg 1024w, https:\/\/justynabronowska.pl\/fotografia\/wp-content\/uploads\/sites\/3\/2025\/06\/magda_kobieco033-768x512.jpg 768w, https:\/\/justynabronowska.pl\/fotografia\/wp-content\/uploads\/sites\/3\/2025\/06\/magda_kobieco033-1536x1024.jpg 1536w\" sizes=\"auto, (max-width: 1800px) 100vw, 1800px\" \/><\/figure>\n\n\n\n<figure class=\"wp-block-image size-large\"><img loading=\"lazy\" decoding=\"async\" width=\"1000\" height=\"1500\" data-id=\"4296\" src=\"https:\/\/justynabronowska.pl\/fotografia\/wp-content\/uploads\/sites\/3\/2025\/06\/magda_kobieco024-1000x1500.jpg\" alt=\"\" class=\"wp-image-4296\" srcset=\"https:\/\/justynabronowska.pl\/fotografia\/wp-content\/uploads\/sites\/3\/2025\/06\/magda_kobieco024-1000x1500.jpg 1000w, https:\/\/justynabronowska.pl\/fotografia\/wp-content\/uploads\/sites\/3\/2025\/06\/magda_kobieco024-683x1024.jpg 683w, https:\/\/justynabronowska.pl\/fotografia\/wp-content\/uploads\/sites\/3\/2025\/06\/magda_kobieco024-768x1152.jpg 768w, https:\/\/justynabronowska.pl\/fotografia\/wp-content\/uploads\/sites\/3\/2025\/06\/magda_kobieco024-1024x1536.jpg 1024w, https:\/\/justynabronowska.pl\/fotografia\/wp-content\/uploads\/sites\/3\/2025\/06\/magda_kobieco024.jpg 1200w\" sizes=\"auto, (max-width: 1000px) 100vw, 1000px\" \/><\/figure>\n\n\n\n<figure class=\"wp-block-image size-large\"><img loading=\"lazy\" decoding=\"async\" width=\"1800\" height=\"1200\" data-id=\"4294\" src=\"https:\/\/justynabronowska.pl\/fotografia\/wp-content\/uploads\/sites\/3\/2025\/06\/magda_kobieco048.jpg\" alt=\"\" class=\"wp-image-4294\" srcset=\"https:\/\/justynabronowska.pl\/fotografia\/wp-content\/uploads\/sites\/3\/2025\/06\/magda_kobieco048.jpg 1800w, https:\/\/justynabronowska.pl\/fotografia\/wp-content\/uploads\/sites\/3\/2025\/06\/magda_kobieco048-1024x683.jpg 1024w, https:\/\/justynabronowska.pl\/fotografia\/wp-content\/uploads\/sites\/3\/2025\/06\/magda_kobieco048-768x512.jpg 768w, https:\/\/justynabronowska.pl\/fotografia\/wp-content\/uploads\/sites\/3\/2025\/06\/magda_kobieco048-1536x1024.jpg 1536w\" sizes=\"auto, (max-width: 1800px) 100vw, 1800px\" \/><\/figure>\n\n\n\n<figure class=\"wp-block-image size-large\"><img loading=\"lazy\" decoding=\"async\" width=\"1000\" height=\"1500\" data-id=\"4308\" src=\"https:\/\/justynabronowska.pl\/fotografia\/wp-content\/uploads\/sites\/3\/2025\/06\/magda_kobieco043-1000x1500.jpg\" alt=\"\" class=\"wp-image-4308\" srcset=\"https:\/\/justynabronowska.pl\/fotografia\/wp-content\/uploads\/sites\/3\/2025\/06\/magda_kobieco043-1000x1500.jpg 1000w, https:\/\/justynabronowska.pl\/fotografia\/wp-content\/uploads\/sites\/3\/2025\/06\/magda_kobieco043-683x1024.jpg 683w, https:\/\/justynabronowska.pl\/fotografia\/wp-content\/uploads\/sites\/3\/2025\/06\/magda_kobieco043-768x1152.jpg 768w, https:\/\/justynabronowska.pl\/fotografia\/wp-content\/uploads\/sites\/3\/2025\/06\/magda_kobieco043-1024x1536.jpg 1024w, https:\/\/justynabronowska.pl\/fotografia\/wp-content\/uploads\/sites\/3\/2025\/06\/magda_kobieco043.jpg 1200w\" sizes=\"auto, (max-width: 1000px) 100vw, 1000px\" \/><\/figure>\n\n\n\n<figure class=\"wp-block-image size-large\"><img loading=\"lazy\" decoding=\"async\" width=\"1800\" height=\"1200\" data-id=\"4295\" src=\"https:\/\/justynabronowska.pl\/fotografia\/wp-content\/uploads\/sites\/3\/2025\/06\/magda_kobieco071.jpg\" alt=\"\" class=\"wp-image-4295\" srcset=\"https:\/\/justynabronowska.pl\/fotografia\/wp-content\/uploads\/sites\/3\/2025\/06\/magda_kobieco071.jpg 1800w, https:\/\/justynabronowska.pl\/fotografia\/wp-content\/uploads\/sites\/3\/2025\/06\/magda_kobieco071-1024x683.jpg 1024w, https:\/\/justynabronowska.pl\/fotografia\/wp-content\/uploads\/sites\/3\/2025\/06\/magda_kobieco071-768x512.jpg 768w, https:\/\/justynabronowska.pl\/fotografia\/wp-content\/uploads\/sites\/3\/2025\/06\/magda_kobieco071-1536x1024.jpg 1536w\" sizes=\"auto, (max-width: 1800px) 100vw, 1800px\" \/><\/figure>\n\n\n\n<figure class=\"wp-block-image size-large\"><img loading=\"lazy\" decoding=\"async\" width=\"1800\" height=\"1200\" data-id=\"4313\" src=\"https:\/\/justynabronowska.pl\/fotografia\/wp-content\/uploads\/sites\/3\/2025\/06\/magda_kobieco051.jpg\" alt=\"\" class=\"wp-image-4313\" srcset=\"https:\/\/justynabronowska.pl\/fotografia\/wp-content\/uploads\/sites\/3\/2025\/06\/magda_kobieco051.jpg 1800w, https:\/\/justynabronowska.pl\/fotografia\/wp-content\/uploads\/sites\/3\/2025\/06\/magda_kobieco051-1024x683.jpg 1024w, https:\/\/justynabronowska.pl\/fotografia\/wp-content\/uploads\/sites\/3\/2025\/06\/magda_kobieco051-768x512.jpg 768w, https:\/\/justynabronowska.pl\/fotografia\/wp-content\/uploads\/sites\/3\/2025\/06\/magda_kobieco051-1536x1024.jpg 1536w\" sizes=\"auto, (max-width: 1800px) 100vw, 1800px\" \/><\/figure>\n\n\n\n<figure class=\"wp-block-image size-large\"><img loading=\"lazy\" decoding=\"async\" width=\"1000\" height=\"1500\" data-id=\"4303\" src=\"https:\/\/justynabronowska.pl\/fotografia\/wp-content\/uploads\/sites\/3\/2025\/06\/magda_kobieco073-1000x1500.jpg\" alt=\"\" class=\"wp-image-4303\" srcset=\"https:\/\/justynabronowska.pl\/fotografia\/wp-content\/uploads\/sites\/3\/2025\/06\/magda_kobieco073-1000x1500.jpg 1000w, https:\/\/justynabronowska.pl\/fotografia\/wp-content\/uploads\/sites\/3\/2025\/06\/magda_kobieco073-683x1024.jpg 683w, https:\/\/justynabronowska.pl\/fotografia\/wp-content\/uploads\/sites\/3\/2025\/06\/magda_kobieco073-768x1152.jpg 768w, https:\/\/justynabronowska.pl\/fotografia\/wp-content\/uploads\/sites\/3\/2025\/06\/magda_kobieco073-1024x1536.jpg 1024w, https:\/\/justynabronowska.pl\/fotografia\/wp-content\/uploads\/sites\/3\/2025\/06\/magda_kobieco073.jpg 1200w\" sizes=\"auto, (max-width: 1000px) 100vw, 1000px\" \/><\/figure>\n\n\n\n<figure class=\"wp-block-image size-large\"><img loading=\"lazy\" decoding=\"async\" width=\"1000\" height=\"1500\" data-id=\"4299\" src=\"https:\/\/justynabronowska.pl\/fotografia\/wp-content\/uploads\/sites\/3\/2025\/06\/magda_kobieco068-1000x1500.jpg\" alt=\"\" class=\"wp-image-4299\" srcset=\"https:\/\/justynabronowska.pl\/fotografia\/wp-content\/uploads\/sites\/3\/2025\/06\/magda_kobieco068-1000x1500.jpg 1000w, https:\/\/justynabronowska.pl\/fotografia\/wp-content\/uploads\/sites\/3\/2025\/06\/magda_kobieco068-683x1024.jpg 683w, https:\/\/justynabronowska.pl\/fotografia\/wp-content\/uploads\/sites\/3\/2025\/06\/magda_kobieco068-768x1152.jpg 768w, https:\/\/justynabronowska.pl\/fotografia\/wp-content\/uploads\/sites\/3\/2025\/06\/magda_kobieco068-1024x1536.jpg 1024w, https:\/\/justynabronowska.pl\/fotografia\/wp-content\/uploads\/sites\/3\/2025\/06\/magda_kobieco068.jpg 1200w\" sizes=\"auto, (max-width: 1000px) 100vw, 1000px\" \/><\/figure>\n\n\n\n<figure class=\"wp-block-image size-large\"><img loading=\"lazy\" decoding=\"async\" width=\"1000\" height=\"1500\" data-id=\"4287\" src=\"https:\/\/justynabronowska.pl\/fotografia\/wp-content\/uploads\/sites\/3\/2025\/06\/magda_kobieco075-1000x1500.jpg\" alt=\"\" class=\"wp-image-4287\" srcset=\"https:\/\/justynabronowska.pl\/fotografia\/wp-content\/uploads\/sites\/3\/2025\/06\/magda_kobieco075-1000x1500.jpg 1000w, https:\/\/justynabronowska.pl\/fotografia\/wp-content\/uploads\/sites\/3\/2025\/06\/magda_kobieco075-683x1024.jpg 683w, https:\/\/justynabronowska.pl\/fotografia\/wp-content\/uploads\/sites\/3\/2025\/06\/magda_kobieco075-768x1152.jpg 768w, https:\/\/justynabronowska.pl\/fotografia\/wp-content\/uploads\/sites\/3\/2025\/06\/magda_kobieco075-1024x1536.jpg 1024w, https:\/\/justynabronowska.pl\/fotografia\/wp-content\/uploads\/sites\/3\/2025\/06\/magda_kobieco075.jpg 1200w\" sizes=\"auto, (max-width: 1000px) 100vw, 1000px\" \/><\/figure>\n\n\n\n<figure class=\"wp-block-image size-large\"><img loading=\"lazy\" decoding=\"async\" width=\"1800\" height=\"1200\" data-id=\"4300\" src=\"https:\/\/justynabronowska.pl\/fotografia\/wp-content\/uploads\/sites\/3\/2025\/06\/magda_kobieco030.jpg\" alt=\"\" class=\"wp-image-4300\" srcset=\"https:\/\/justynabronowska.pl\/fotografia\/wp-content\/uploads\/sites\/3\/2025\/06\/magda_kobieco030.jpg 1800w, https:\/\/justynabronowska.pl\/fotografia\/wp-content\/uploads\/sites\/3\/2025\/06\/magda_kobieco030-1024x683.jpg 1024w, https:\/\/justynabronowska.pl\/fotografia\/wp-content\/uploads\/sites\/3\/2025\/06\/magda_kobieco030-768x512.jpg 768w, https:\/\/justynabronowska.pl\/fotografia\/wp-content\/uploads\/sites\/3\/2025\/06\/magda_kobieco030-1536x1024.jpg 1536w\" sizes=\"auto, (max-width: 1800px) 100vw, 1800px\" \/><\/figure>\n\n\n\n<figure class=\"wp-block-image size-large\"><img loading=\"lazy\" decoding=\"async\" width=\"1800\" height=\"1200\" data-id=\"4318\" src=\"https:\/\/justynabronowska.pl\/fotografia\/wp-content\/uploads\/sites\/3\/2025\/06\/magda_kobieco076.jpg\" alt=\"\" class=\"wp-image-4318\" srcset=\"https:\/\/justynabronowska.pl\/fotografia\/wp-content\/uploads\/sites\/3\/2025\/06\/magda_kobieco076.jpg 1800w, https:\/\/justynabronowska.pl\/fotografia\/wp-content\/uploads\/sites\/3\/2025\/06\/magda_kobieco076-1024x683.jpg 1024w, https:\/\/justynabronowska.pl\/fotografia\/wp-content\/uploads\/sites\/3\/2025\/06\/magda_kobieco076-768x512.jpg 768w, https:\/\/justynabronowska.pl\/fotografia\/wp-content\/uploads\/sites\/3\/2025\/06\/magda_kobieco076-1536x1024.jpg 1536w\" sizes=\"auto, (max-width: 1800px) 100vw, 1800px\" \/><\/figure>\n\n\n\n<figure class=\"wp-block-image size-large\"><img loading=\"lazy\" decoding=\"async\" width=\"1800\" height=\"1200\" data-id=\"4297\" src=\"https:\/\/justynabronowska.pl\/fotografia\/wp-content\/uploads\/sites\/3\/2025\/06\/magda_kobieco080.jpg\" alt=\"\" class=\"wp-image-4297\" srcset=\"https:\/\/justynabronowska.pl\/fotografia\/wp-content\/uploads\/sites\/3\/2025\/06\/magda_kobieco080.jpg 1800w, https:\/\/justynabronowska.pl\/fotografia\/wp-content\/uploads\/sites\/3\/2025\/06\/magda_kobieco080-1024x683.jpg 1024w, https:\/\/justynabronowska.pl\/fotografia\/wp-content\/uploads\/sites\/3\/2025\/06\/magda_kobieco080-768x512.jpg 768w, https:\/\/justynabronowska.pl\/fotografia\/wp-content\/uploads\/sites\/3\/2025\/06\/magda_kobieco080-1536x1024.jpg 1536w\" sizes=\"auto, (max-width: 1800px) 100vw, 1800px\" \/><\/figure>\n\n\n\n<figure class=\"wp-block-image size-large\"><img loading=\"lazy\" decoding=\"async\" width=\"1000\" height=\"1500\" data-id=\"4298\" src=\"https:\/\/justynabronowska.pl\/fotografia\/wp-content\/uploads\/sites\/3\/2025\/06\/magda_kobieco087-1000x1500.jpg\" alt=\"\" class=\"wp-image-4298\" srcset=\"https:\/\/justynabronowska.pl\/fotografia\/wp-content\/uploads\/sites\/3\/2025\/06\/magda_kobieco087-1000x1500.jpg 1000w, https:\/\/justynabronowska.pl\/fotografia\/wp-content\/uploads\/sites\/3\/2025\/06\/magda_kobieco087-683x1024.jpg 683w, https:\/\/justynabronowska.pl\/fotografia\/wp-content\/uploads\/sites\/3\/2025\/06\/magda_kobieco087-768x1152.jpg 768w, https:\/\/justynabronowska.pl\/fotografia\/wp-content\/uploads\/sites\/3\/2025\/06\/magda_kobieco087-1024x1536.jpg 1024w, https:\/\/justynabronowska.pl\/fotografia\/wp-content\/uploads\/sites\/3\/2025\/06\/magda_kobieco087.jpg 1200w\" sizes=\"auto, (max-width: 1000px) 100vw, 1000px\" \/><\/figure>\n\n\n\n<figure class=\"wp-block-image size-large\"><img loading=\"lazy\" decoding=\"async\" width=\"1000\" height=\"1500\" data-id=\"4289\" src=\"https:\/\/justynabronowska.pl\/fotografia\/wp-content\/uploads\/sites\/3\/2025\/06\/magda_kobieco078-1000x1500.jpg\" alt=\"\" class=\"wp-image-4289\" srcset=\"https:\/\/justynabronowska.pl\/fotografia\/wp-content\/uploads\/sites\/3\/2025\/06\/magda_kobieco078-1000x1500.jpg 1000w, https:\/\/justynabronowska.pl\/fotografia\/wp-content\/uploads\/sites\/3\/2025\/06\/magda_kobieco078-683x1024.jpg 683w, https:\/\/justynabronowska.pl\/fotografia\/wp-content\/uploads\/sites\/3\/2025\/06\/magda_kobieco078-768x1152.jpg 768w, https:\/\/justynabronowska.pl\/fotografia\/wp-content\/uploads\/sites\/3\/2025\/06\/magda_kobieco078-1024x1536.jpg 1024w, https:\/\/justynabronowska.pl\/fotografia\/wp-content\/uploads\/sites\/3\/2025\/06\/magda_kobieco078.jpg 1200w\" sizes=\"auto, (max-width: 1000px) 100vw, 1000px\" \/><\/figure>\n\n\n\n<figure class=\"wp-block-image size-large\"><img loading=\"lazy\" decoding=\"async\" width=\"1800\" height=\"1200\" data-id=\"4291\" src=\"https:\/\/justynabronowska.pl\/fotografia\/wp-content\/uploads\/sites\/3\/2025\/06\/magda_kobieco094a.jpg\" alt=\"\" class=\"wp-image-4291\" srcset=\"https:\/\/justynabronowska.pl\/fotografia\/wp-content\/uploads\/sites\/3\/2025\/06\/magda_kobieco094a.jpg 1800w, https:\/\/justynabronowska.pl\/fotografia\/wp-content\/uploads\/sites\/3\/2025\/06\/magda_kobieco094a-1024x683.jpg 1024w, https:\/\/justynabronowska.pl\/fotografia\/wp-content\/uploads\/sites\/3\/2025\/06\/magda_kobieco094a-768x512.jpg 768w, https:\/\/justynabronowska.pl\/fotografia\/wp-content\/uploads\/sites\/3\/2025\/06\/magda_kobieco094a-1536x1024.jpg 1536w\" sizes=\"auto, (max-width: 1800px) 100vw, 1800px\" \/><\/figure>\n\n\n\n<figure class=\"wp-block-image size-large\"><img loading=\"lazy\" decoding=\"async\" width=\"1800\" height=\"1200\" data-id=\"4314\" src=\"https:\/\/justynabronowska.pl\/fotografia\/wp-content\/uploads\/sites\/3\/2025\/06\/magda_kobieco101.jpg\" alt=\"\" class=\"wp-image-4314\" srcset=\"https:\/\/justynabronowska.pl\/fotografia\/wp-content\/uploads\/sites\/3\/2025\/06\/magda_kobieco101.jpg 1800w, https:\/\/justynabronowska.pl\/fotografia\/wp-content\/uploads\/sites\/3\/2025\/06\/magda_kobieco101-1024x683.jpg 1024w, https:\/\/justynabronowska.pl\/fotografia\/wp-content\/uploads\/sites\/3\/2025\/06\/magda_kobieco101-768x512.jpg 768w, https:\/\/justynabronowska.pl\/fotografia\/wp-content\/uploads\/sites\/3\/2025\/06\/magda_kobieco101-1536x1024.jpg 1536w\" sizes=\"auto, (max-width: 1800px) 100vw, 1800px\" \/><\/figure>\n\n\n\n<figure class=\"wp-block-image size-large\"><img loading=\"lazy\" decoding=\"async\" width=\"1000\" height=\"1500\" data-id=\"4309\" src=\"https:\/\/justynabronowska.pl\/fotografia\/wp-content\/uploads\/sites\/3\/2025\/06\/magda_kobieco105-2-1000x1500.jpg\" alt=\"\" class=\"wp-image-4309\" srcset=\"https:\/\/justynabronowska.pl\/fotografia\/wp-content\/uploads\/sites\/3\/2025\/06\/magda_kobieco105-2-1000x1500.jpg 1000w, https:\/\/justynabronowska.pl\/fotografia\/wp-content\/uploads\/sites\/3\/2025\/06\/magda_kobieco105-2-683x1024.jpg 683w, https:\/\/justynabronowska.pl\/fotografia\/wp-content\/uploads\/sites\/3\/2025\/06\/magda_kobieco105-2-768x1152.jpg 768w, https:\/\/justynabronowska.pl\/fotografia\/wp-content\/uploads\/sites\/3\/2025\/06\/magda_kobieco105-2-1024x1536.jpg 1024w, https:\/\/justynabronowska.pl\/fotografia\/wp-content\/uploads\/sites\/3\/2025\/06\/magda_kobieco105-2.jpg 1200w\" sizes=\"auto, (max-width: 1000px) 100vw, 1000px\" \/><\/figure>\n\n\n\n<figure class=\"wp-block-image size-large\"><img loading=\"lazy\" decoding=\"async\" width=\"1800\" height=\"1200\" data-id=\"4302\" src=\"https:\/\/justynabronowska.pl\/fotografia\/wp-content\/uploads\/sites\/3\/2025\/06\/magda_kobieco107.jpg\" alt=\"\" class=\"wp-image-4302\" srcset=\"https:\/\/justynabronowska.pl\/fotografia\/wp-content\/uploads\/sites\/3\/2025\/06\/magda_kobieco107.jpg 1800w, https:\/\/justynabronowska.pl\/fotografia\/wp-content\/uploads\/sites\/3\/2025\/06\/magda_kobieco107-1024x683.jpg 1024w, https:\/\/justynabronowska.pl\/fotografia\/wp-content\/uploads\/sites\/3\/2025\/06\/magda_kobieco107-768x512.jpg 768w, https:\/\/justynabronowska.pl\/fotografia\/wp-content\/uploads\/sites\/3\/2025\/06\/magda_kobieco107-1536x1024.jpg 1536w\" sizes=\"auto, (max-width: 1800px) 100vw, 1800px\" \/><\/figure>\n\n\n\n<figure class=\"wp-block-image size-large\"><img loading=\"lazy\" decoding=\"async\" width=\"1800\" height=\"1200\" data-id=\"4317\" src=\"https:\/\/justynabronowska.pl\/fotografia\/wp-content\/uploads\/sites\/3\/2025\/06\/magda_kobieco077.jpg\" alt=\"\" class=\"wp-image-4317\" srcset=\"https:\/\/justynabronowska.pl\/fotografia\/wp-content\/uploads\/sites\/3\/2025\/06\/magda_kobieco077.jpg 1800w, https:\/\/justynabronowska.pl\/fotografia\/wp-content\/uploads\/sites\/3\/2025\/06\/magda_kobieco077-1024x683.jpg 1024w, https:\/\/justynabronowska.pl\/fotografia\/wp-content\/uploads\/sites\/3\/2025\/06\/magda_kobieco077-768x512.jpg 768w, https:\/\/justynabronowska.pl\/fotografia\/wp-content\/uploads\/sites\/3\/2025\/06\/magda_kobieco077-1536x1024.jpg 1536w\" sizes=\"auto, (max-width: 1800px) 100vw, 1800px\" \/><\/figure>\n\n\n\n<figure class=\"wp-block-image size-large\"><img loading=\"lazy\" decoding=\"async\" width=\"1800\" height=\"1200\" data-id=\"4311\" src=\"https:\/\/justynabronowska.pl\/fotografia\/wp-content\/uploads\/sites\/3\/2025\/06\/magda_kobieco106.jpg\" alt=\"\" class=\"wp-image-4311\" srcset=\"https:\/\/justynabronowska.pl\/fotografia\/wp-content\/uploads\/sites\/3\/2025\/06\/magda_kobieco106.jpg 1800w, https:\/\/justynabronowska.pl\/fotografia\/wp-content\/uploads\/sites\/3\/2025\/06\/magda_kobieco106-1024x683.jpg 1024w, https:\/\/justynabronowska.pl\/fotografia\/wp-content\/uploads\/sites\/3\/2025\/06\/magda_kobieco106-768x512.jpg 768w, https:\/\/justynabronowska.pl\/fotografia\/wp-content\/uploads\/sites\/3\/2025\/06\/magda_kobieco106-1536x1024.jpg 1536w\" sizes=\"auto, (max-width: 1800px) 100vw, 1800px\" \/><\/figure>\n<\/figure>\n","protected":false},"excerpt":{"rendered":"<p>Magda i Aza, zjawiskowo Uwielbiam takie historie, kiedy spotykam si\u0119 z kim\u015b pierwszy raz w \u017cyciu w dodatku o niezwyk\u0142ej porze, jak \u015bwit. Szarym porankiem wchodzi\u0142y\u015bmy na moj\u0105 lokaln\u0105 g\u00f3rk\u0119, rozmowa wartko si\u0119 toczy\u0142a, mg\u0142y g\u0119sto otula\u0142y g\u00f3ry. Tak g\u0119sto, \u017ce nie by\u0142o ich wida\u0107. \u015amia\u0142y\u015bmy si\u0119, \u017ce &#8216;gdzie to s\u0142o\u0144ce&#8217; ? Bo musicie wiedzie\u0107, [&hellip;]<\/p>\n","protected":false},"author":1,"featured_media":4300,"comment_status":"open","ping_status":"open","sticky":false,"template":"","format":"standard","meta":{"footnotes":""},"categories":[72,32],"tags":[75,74],"class_list":{"0":"post-4286","1":"post","2":"type-post","3":"status-publish","4":"format-standard","5":"has-post-thumbnail","7":"category-sesja-kobieca","8":"category-sesja-portretowa","9":"tag-fotograf-bielsko-biala","10":"tag-sesja-kobieca-bielsko"},"yoast_head":"<!-- This site is optimized with the Yoast SEO plugin v27.3 - https:\/\/yoast.com\/product\/yoast-seo-wordpress\/ -->\n<title>Magda i Aza - Justyna Bronowska Fotografia - Fotografia \u015blubna, wizerunkowa, rodzinna Bielsko-Bia\u0142a, \u015al\u0105sk<\/title>\n<meta name=\"robots\" content=\"index, follow, max-snippet:-1, max-image-preview:large, max-video-preview:-1\" \/>\n<link rel=\"canonical\" href=\"https:\/\/justynabronowska.pl\/fotografia\/sesja_kobieca_bielsko\/\" \/>\n<meta property=\"og:locale\" content=\"pl_PL\" \/>\n<meta property=\"og:type\" content=\"article\" \/>\n<meta property=\"og:title\" content=\"Magda i Aza - Justyna Bronowska Fotografia - Fotografia \u015blubna, wizerunkowa, rodzinna Bielsko-Bia\u0142a, \u015al\u0105sk\" \/>\n<meta property=\"og:description\" content=\"Magda i Aza, zjawiskowo Uwielbiam takie historie, kiedy spotykam si\u0119 z kim\u015b pierwszy raz w \u017cyciu w dodatku o niezwyk\u0142ej porze, jak \u015bwit. Szarym porankiem wchodzi\u0142y\u015bmy na moj\u0105 lokaln\u0105 g\u00f3rk\u0119, rozmowa wartko si\u0119 toczy\u0142a, mg\u0142y g\u0119sto otula\u0142y g\u00f3ry. Tak g\u0119sto, \u017ce nie by\u0142o ich wida\u0107. \u015amia\u0142y\u015bmy si\u0119, \u017ce &#8216;gdzie to s\u0142o\u0144ce&#8217; ? Bo musicie wiedzie\u0107, [&hellip;]\" \/>\n<meta property=\"og:url\" content=\"https:\/\/justynabronowska.pl\/fotografia\/sesja_kobieca_bielsko\/\" \/>\n<meta property=\"og:site_name\" content=\"Justyna Bronowska Fotografia - Fotografia \u015blubna, wizerunkowa, rodzinna Bielsko-Bia\u0142a, \u015al\u0105sk\" \/>\n<meta property=\"article:published_time\" content=\"2025-06-09T09:51:47+00:00\" \/>\n<meta property=\"article:modified_time\" content=\"2025-06-09T09:53:02+00:00\" \/>\n<meta property=\"og:image\" content=\"https:\/\/justynabronowska.pl\/fotografia\/wp-content\/uploads\/sites\/3\/2025\/06\/magda_kobieco030.jpg\" \/>\n\t<meta property=\"og:image:width\" content=\"1800\" \/>\n\t<meta property=\"og:image:height\" content=\"1200\" \/>\n\t<meta property=\"og:image:type\" content=\"image\/jpeg\" \/>\n<meta name=\"author\" content=\"admin\" \/>\n<meta name=\"twitter:card\" content=\"summary_large_image\" \/>\n<meta name=\"twitter:label1\" content=\"Napisane przez\" \/>\n\t<meta name=\"twitter:data1\" content=\"admin\" \/>\n\t<meta name=\"twitter:label2\" content=\"Szacowany czas czytania\" \/>\n\t<meta name=\"twitter:data2\" content=\"1 minuta\" \/>\n<script type=\"application\/ld+json\" class=\"yoast-schema-graph\">{\"@context\":\"https:\\\/\\\/schema.org\",\"@graph\":[{\"@type\":\"Article\",\"@id\":\"https:\\\/\\\/justynabronowska.pl\\\/fotografia\\\/sesja_kobieca_bielsko\\\/#article\",\"isPartOf\":{\"@id\":\"https:\\\/\\\/justynabronowska.pl\\\/fotografia\\\/sesja_kobieca_bielsko\\\/\"},\"author\":{\"name\":\"admin\",\"@id\":\"https:\\\/\\\/justynabronowska.pl\\\/fotografia\\\/#\\\/schema\\\/person\\\/6c4ecde1a4b4fe3519f8ab8ce8d68e30\"},\"headline\":\"Magda i Aza\",\"datePublished\":\"2025-06-09T09:51:47+00:00\",\"dateModified\":\"2025-06-09T09:53:02+00:00\",\"mainEntityOfPage\":{\"@id\":\"https:\\\/\\\/justynabronowska.pl\\\/fotografia\\\/sesja_kobieca_bielsko\\\/\"},\"wordCount\":136,\"commentCount\":0,\"image\":{\"@id\":\"https:\\\/\\\/justynabronowska.pl\\\/fotografia\\\/sesja_kobieca_bielsko\\\/#primaryimage\"},\"thumbnailUrl\":\"https:\\\/\\\/justynabronowska.pl\\\/fotografia\\\/wp-content\\\/uploads\\\/sites\\\/3\\\/2025\\\/06\\\/magda_kobieco030.jpg\",\"keywords\":[\"fotograf bielsko bia\u0142a\",\"sesja kobieca bielsko\"],\"articleSection\":[\"sesja kobieca\",\"sesja portretowa\"],\"inLanguage\":\"pl-PL\",\"potentialAction\":[{\"@type\":\"CommentAction\",\"name\":\"Comment\",\"target\":[\"https:\\\/\\\/justynabronowska.pl\\\/fotografia\\\/sesja_kobieca_bielsko\\\/#respond\"]}]},{\"@type\":\"WebPage\",\"@id\":\"https:\\\/\\\/justynabronowska.pl\\\/fotografia\\\/sesja_kobieca_bielsko\\\/\",\"url\":\"https:\\\/\\\/justynabronowska.pl\\\/fotografia\\\/sesja_kobieca_bielsko\\\/\",\"name\":\"Magda i Aza - Justyna Bronowska Fotografia - Fotografia \u015blubna, wizerunkowa, rodzinna Bielsko-Bia\u0142a, \u015al\u0105sk\",\"isPartOf\":{\"@id\":\"https:\\\/\\\/justynabronowska.pl\\\/fotografia\\\/#website\"},\"primaryImageOfPage\":{\"@id\":\"https:\\\/\\\/justynabronowska.pl\\\/fotografia\\\/sesja_kobieca_bielsko\\\/#primaryimage\"},\"image\":{\"@id\":\"https:\\\/\\\/justynabronowska.pl\\\/fotografia\\\/sesja_kobieca_bielsko\\\/#primaryimage\"},\"thumbnailUrl\":\"https:\\\/\\\/justynabronowska.pl\\\/fotografia\\\/wp-content\\\/uploads\\\/sites\\\/3\\\/2025\\\/06\\\/magda_kobieco030.jpg\",\"datePublished\":\"2025-06-09T09:51:47+00:00\",\"dateModified\":\"2025-06-09T09:53:02+00:00\",\"author\":{\"@id\":\"https:\\\/\\\/justynabronowska.pl\\\/fotografia\\\/#\\\/schema\\\/person\\\/6c4ecde1a4b4fe3519f8ab8ce8d68e30\"},\"breadcrumb\":{\"@id\":\"https:\\\/\\\/justynabronowska.pl\\\/fotografia\\\/sesja_kobieca_bielsko\\\/#breadcrumb\"},\"inLanguage\":\"pl-PL\",\"potentialAction\":[{\"@type\":\"ReadAction\",\"target\":[\"https:\\\/\\\/justynabronowska.pl\\\/fotografia\\\/sesja_kobieca_bielsko\\\/\"]}]},{\"@type\":\"ImageObject\",\"inLanguage\":\"pl-PL\",\"@id\":\"https:\\\/\\\/justynabronowska.pl\\\/fotografia\\\/sesja_kobieca_bielsko\\\/#primaryimage\",\"url\":\"https:\\\/\\\/justynabronowska.pl\\\/fotografia\\\/wp-content\\\/uploads\\\/sites\\\/3\\\/2025\\\/06\\\/magda_kobieco030.jpg\",\"contentUrl\":\"https:\\\/\\\/justynabronowska.pl\\\/fotografia\\\/wp-content\\\/uploads\\\/sites\\\/3\\\/2025\\\/06\\\/magda_kobieco030.jpg\",\"width\":1800,\"height\":1200},{\"@type\":\"BreadcrumbList\",\"@id\":\"https:\\\/\\\/justynabronowska.pl\\\/fotografia\\\/sesja_kobieca_bielsko\\\/#breadcrumb\",\"itemListElement\":[{\"@type\":\"ListItem\",\"position\":1,\"name\":\"Home\",\"item\":\"https:\\\/\\\/justynabronowska.pl\\\/fotografia\\\/\"},{\"@type\":\"ListItem\",\"position\":2,\"name\":\"Magda i Aza\"}]},{\"@type\":\"WebSite\",\"@id\":\"https:\\\/\\\/justynabronowska.pl\\\/fotografia\\\/#website\",\"url\":\"https:\\\/\\\/justynabronowska.pl\\\/fotografia\\\/\",\"name\":\"Justyna Bronowska Fotografia - Fotografia \u015blubna, wizerunkowa, rodzinna Bielsko-Bia\u0142a, \u015al\u0105sk\",\"description\":\"Justyna Bronowska Fotografia - Fotografia \u015blubna, wizerunkowa, rodzinna Bielsko-Bia\u0142a, \u015al\u0105sk\",\"potentialAction\":[{\"@type\":\"SearchAction\",\"target\":{\"@type\":\"EntryPoint\",\"urlTemplate\":\"https:\\\/\\\/justynabronowska.pl\\\/fotografia\\\/?s={search_term_string}\"},\"query-input\":{\"@type\":\"PropertyValueSpecification\",\"valueRequired\":true,\"valueName\":\"search_term_string\"}}],\"inLanguage\":\"pl-PL\"},{\"@type\":\"Person\",\"@id\":\"https:\\\/\\\/justynabronowska.pl\\\/fotografia\\\/#\\\/schema\\\/person\\\/6c4ecde1a4b4fe3519f8ab8ce8d68e30\",\"name\":\"admin\",\"image\":{\"@type\":\"ImageObject\",\"inLanguage\":\"pl-PL\",\"@id\":\"https:\\\/\\\/secure.gravatar.com\\\/avatar\\\/29bf5daac66150479063cb58106501dc39e4fa1129c87d50f2cd7573b0165bb6?s=96&d=mm&r=g\",\"url\":\"https:\\\/\\\/secure.gravatar.com\\\/avatar\\\/29bf5daac66150479063cb58106501dc39e4fa1129c87d50f2cd7573b0165bb6?s=96&d=mm&r=g\",\"contentUrl\":\"https:\\\/\\\/secure.gravatar.com\\\/avatar\\\/29bf5daac66150479063cb58106501dc39e4fa1129c87d50f2cd7573b0165bb6?s=96&d=mm&r=g\",\"caption\":\"admin\"},\"url\":\"https:\\\/\\\/justynabronowska.pl\\\/fotografia\\\/author\\\/admin\\\/\"}]}<\/script>\n<!-- \/ Yoast SEO plugin. -->","yoast_head_json":{"title":"Magda i Aza - Justyna Bronowska Fotografia - Fotografia \u015blubna, wizerunkowa, rodzinna Bielsko-Bia\u0142a, \u015al\u0105sk","robots":{"index":"index","follow":"follow","max-snippet":"max-snippet:-1","max-image-preview":"max-image-preview:large","max-video-preview":"max-video-preview:-1"},"canonical":"https:\/\/justynabronowska.pl\/fotografia\/sesja_kobieca_bielsko\/","og_locale":"pl_PL","og_type":"article","og_title":"Magda i Aza - Justyna Bronowska Fotografia - Fotografia \u015blubna, wizerunkowa, rodzinna Bielsko-Bia\u0142a, \u015al\u0105sk","og_description":"Magda i Aza, zjawiskowo Uwielbiam takie historie, kiedy spotykam si\u0119 z kim\u015b pierwszy raz w \u017cyciu w dodatku o niezwyk\u0142ej porze, jak \u015bwit. Szarym porankiem wchodzi\u0142y\u015bmy na moj\u0105 lokaln\u0105 g\u00f3rk\u0119, rozmowa wartko si\u0119 toczy\u0142a, mg\u0142y g\u0119sto otula\u0142y g\u00f3ry. Tak g\u0119sto, \u017ce nie by\u0142o ich wida\u0107. \u015amia\u0142y\u015bmy si\u0119, \u017ce &#8216;gdzie to s\u0142o\u0144ce&#8217; ? Bo musicie wiedzie\u0107, [&hellip;]","og_url":"https:\/\/justynabronowska.pl\/fotografia\/sesja_kobieca_bielsko\/","og_site_name":"Justyna Bronowska Fotografia - Fotografia \u015blubna, wizerunkowa, rodzinna Bielsko-Bia\u0142a, \u015al\u0105sk","article_published_time":"2025-06-09T09:51:47+00:00","article_modified_time":"2025-06-09T09:53:02+00:00","og_image":[{"width":1800,"height":1200,"url":"https:\/\/justynabronowska.pl\/fotografia\/wp-content\/uploads\/sites\/3\/2025\/06\/magda_kobieco030.jpg","type":"image\/jpeg"}],"author":"admin","twitter_card":"summary_large_image","twitter_misc":{"Napisane przez":"admin","Szacowany czas czytania":"1 minuta"},"schema":{"@context":"https:\/\/schema.org","@graph":[{"@type":"Article","@id":"https:\/\/justynabronowska.pl\/fotografia\/sesja_kobieca_bielsko\/#article","isPartOf":{"@id":"https:\/\/justynabronowska.pl\/fotografia\/sesja_kobieca_bielsko\/"},"author":{"name":"admin","@id":"https:\/\/justynabronowska.pl\/fotografia\/#\/schema\/person\/6c4ecde1a4b4fe3519f8ab8ce8d68e30"},"headline":"Magda i Aza","datePublished":"2025-06-09T09:51:47+00:00","dateModified":"2025-06-09T09:53:02+00:00","mainEntityOfPage":{"@id":"https:\/\/justynabronowska.pl\/fotografia\/sesja_kobieca_bielsko\/"},"wordCount":136,"commentCount":0,"image":{"@id":"https:\/\/justynabronowska.pl\/fotografia\/sesja_kobieca_bielsko\/#primaryimage"},"thumbnailUrl":"https:\/\/justynabronowska.pl\/fotografia\/wp-content\/uploads\/sites\/3\/2025\/06\/magda_kobieco030.jpg","keywords":["fotograf bielsko bia\u0142a","sesja kobieca bielsko"],"articleSection":["sesja kobieca","sesja portretowa"],"inLanguage":"pl-PL","potentialAction":[{"@type":"CommentAction","name":"Comment","target":["https:\/\/justynabronowska.pl\/fotografia\/sesja_kobieca_bielsko\/#respond"]}]},{"@type":"WebPage","@id":"https:\/\/justynabronowska.pl\/fotografia\/sesja_kobieca_bielsko\/","url":"https:\/\/justynabronowska.pl\/fotografia\/sesja_kobieca_bielsko\/","name":"Magda i Aza - Justyna Bronowska Fotografia - Fotografia \u015blubna, wizerunkowa, rodzinna Bielsko-Bia\u0142a, \u015al\u0105sk","isPartOf":{"@id":"https:\/\/justynabronowska.pl\/fotografia\/#website"},"primaryImageOfPage":{"@id":"https:\/\/justynabronowska.pl\/fotografia\/sesja_kobieca_bielsko\/#primaryimage"},"image":{"@id":"https:\/\/justynabronowska.pl\/fotografia\/sesja_kobieca_bielsko\/#primaryimage"},"thumbnailUrl":"https:\/\/justynabronowska.pl\/fotografia\/wp-content\/uploads\/sites\/3\/2025\/06\/magda_kobieco030.jpg","datePublished":"2025-06-09T09:51:47+00:00","dateModified":"2025-06-09T09:53:02+00:00","author":{"@id":"https:\/\/justynabronowska.pl\/fotografia\/#\/schema\/person\/6c4ecde1a4b4fe3519f8ab8ce8d68e30"},"breadcrumb":{"@id":"https:\/\/justynabronowska.pl\/fotografia\/sesja_kobieca_bielsko\/#breadcrumb"},"inLanguage":"pl-PL","potentialAction":[{"@type":"ReadAction","target":["https:\/\/justynabronowska.pl\/fotografia\/sesja_kobieca_bielsko\/"]}]},{"@type":"ImageObject","inLanguage":"pl-PL","@id":"https:\/\/justynabronowska.pl\/fotografia\/sesja_kobieca_bielsko\/#primaryimage","url":"https:\/\/justynabronowska.pl\/fotografia\/wp-content\/uploads\/sites\/3\/2025\/06\/magda_kobieco030.jpg","contentUrl":"https:\/\/justynabronowska.pl\/fotografia\/wp-content\/uploads\/sites\/3\/2025\/06\/magda_kobieco030.jpg","width":1800,"height":1200},{"@type":"BreadcrumbList","@id":"https:\/\/justynabronowska.pl\/fotografia\/sesja_kobieca_bielsko\/#breadcrumb","itemListElement":[{"@type":"ListItem","position":1,"name":"Home","item":"https:\/\/justynabronowska.pl\/fotografia\/"},{"@type":"ListItem","position":2,"name":"Magda i Aza"}]},{"@type":"WebSite","@id":"https:\/\/justynabronowska.pl\/fotografia\/#website","url":"https:\/\/justynabronowska.pl\/fotografia\/","name":"Justyna Bronowska Fotografia - Fotografia \u015blubna, wizerunkowa, rodzinna Bielsko-Bia\u0142a, \u015al\u0105sk","description":"Justyna Bronowska Fotografia - Fotografia \u015blubna, wizerunkowa, rodzinna Bielsko-Bia\u0142a, \u015al\u0105sk","potentialAction":[{"@type":"SearchAction","target":{"@type":"EntryPoint","urlTemplate":"https:\/\/justynabronowska.pl\/fotografia\/?s={search_term_string}"},"query-input":{"@type":"PropertyValueSpecification","valueRequired":true,"valueName":"search_term_string"}}],"inLanguage":"pl-PL"},{"@type":"Person","@id":"https:\/\/justynabronowska.pl\/fotografia\/#\/schema\/person\/6c4ecde1a4b4fe3519f8ab8ce8d68e30","name":"admin","image":{"@type":"ImageObject","inLanguage":"pl-PL","@id":"https:\/\/secure.gravatar.com\/avatar\/29bf5daac66150479063cb58106501dc39e4fa1129c87d50f2cd7573b0165bb6?s=96&d=mm&r=g","url":"https:\/\/secure.gravatar.com\/avatar\/29bf5daac66150479063cb58106501dc39e4fa1129c87d50f2cd7573b0165bb6?s=96&d=mm&r=g","contentUrl":"https:\/\/secure.gravatar.com\/avatar\/29bf5daac66150479063cb58106501dc39e4fa1129c87d50f2cd7573b0165bb6?s=96&d=mm&r=g","caption":"admin"},"url":"https:\/\/justynabronowska.pl\/fotografia\/author\/admin\/"}]}},"_links":{"self":[{"href":"https:\/\/justynabronowska.pl\/fotografia\/wp-json\/wp\/v2\/posts\/4286","targetHints":{"allow":["GET"]}}],"collection":[{"href":"https:\/\/justynabronowska.pl\/fotografia\/wp-json\/wp\/v2\/posts"}],"about":[{"href":"https:\/\/justynabronowska.pl\/fotografia\/wp-json\/wp\/v2\/types\/post"}],"author":[{"embeddable":true,"href":"https:\/\/justynabronowska.pl\/fotografia\/wp-json\/wp\/v2\/users\/1"}],"replies":[{"embeddable":true,"href":"https:\/\/justynabronowska.pl\/fotografia\/wp-json\/wp\/v2\/comments?post=4286"}],"version-history":[{"count":2,"href":"https:\/\/justynabronowska.pl\/fotografia\/wp-json\/wp\/v2\/posts\/4286\/revisions"}],"predecessor-version":[{"id":4321,"href":"https:\/\/justynabronowska.pl\/fotografia\/wp-json\/wp\/v2\/posts\/4286\/revisions\/4321"}],"wp:featuredmedia":[{"embeddable":true,"href":"https:\/\/justynabronowska.pl\/fotografia\/wp-json\/wp\/v2\/media\/4300"}],"wp:attachment":[{"href":"https:\/\/justynabronowska.pl\/fotografia\/wp-json\/wp\/v2\/media?parent=4286"}],"wp:term":[{"taxonomy":"category","embeddable":true,"href":"https:\/\/justynabronowska.pl\/fotografia\/wp-json\/wp\/v2\/categories?post=4286"},{"taxonomy":"post_tag","embeddable":true,"href":"https:\/\/justynabronowska.pl\/fotografia\/wp-json\/wp\/v2\/tags?post=4286"}],"curies":[{"name":"wp","href":"https:\/\/api.w.org\/{rel}","templated":true}]}}