{"id":4323,"date":"2025-03-16T11:47:00","date_gmt":"2025-03-16T09:47:00","guid":{"rendered":"https:\/\/justynabronowska.pl\/fotografia\/?p=4323"},"modified":"2025-06-16T13:03:02","modified_gmt":"2025-06-16T11:03:02","slug":"sesja-wizerunkowa-dla-adwokata","status":"publish","type":"post","link":"https:\/\/justynabronowska.pl\/fotografia\/sesja-wizerunkowa-dla-adwokata\/","title":{"rendered":"Sesja wizerunkowa dla adwokata"},"content":{"rendered":"\n<p>Dzi\u015b odmiana, czyli portret m\u0119ski. Sesja wizerunkowa, czyli niezb\u0119dnik w budowaniu zaufania i wiarygodno\u015bci. \u201eW \u015bwietle prawa\u201d &#8211; to domena Szymona, \u201ew dobrym \u015bwietle\u201d to moja. I tak wsp\u00f3lnie stworzyli\u015bmy portrety wizerunkowe w <a href=\"https:\/\/www.facebook.com\/adwokat.oswiecim?__cft__[0]=AZXpoecjq4JbQTInI_DmVEWryL3ao6eIAdDIUnkj8igiL8ze64w-bBInP3bNm41nlpYbaNYQ2V5Qb4PUNZ3RXtYQzPFoMAHOirbkT6MSIKUX7R6nzl1mhK8I48VHjKXuB1FaG9IpUNEgl4PzNK0KoDSh5SbAJXOWTAhJycv1hdokutH6wfwrnFmWNxWyiBYVtJxe1CbseViAYo5xJEtRoYyQ&amp;__tn__=-]K-R\">Kancelaria Adwokacka Szymon Janiga<\/a> Troch\u0119 klasycznych portret\u00f3w, troch\u0119 detali , okno i jego graficzne ramy i kadry w r\u00f3\u017cnych sytuacjach wspieraj\u0105ce merytoryczne tre\u015bci. Szymon jest nie tylko \u015bwietnym specjalist\u0105, o czym \u015bwiadcz\u0105 opinie jego klient\u00f3w, ale te\u017c bardzo serdeczn\u0105 osob\u0105, a to r\u00f3wnie wa\u017cna kompetencja w pracy z drugim cz\u0142owiekiem. Jakby\u015bcie potrzebowali super adwokata, to bardzo polecam Szymona.<\/p>\n\n\n\n<figure class=\"wp-block-gallery has-nested-images columns-default is-cropped wp-block-gallery-1 is-layout-flex wp-block-gallery-is-layout-flex\">\n<figure class=\"wp-block-image size-large\"><img loading=\"lazy\" decoding=\"async\" width=\"1000\" height=\"1500\" data-id=\"4343\" src=\"https:\/\/justynabronowska.pl\/fotografia\/wp-content\/uploads\/sites\/3\/2025\/06\/sesja_biznesowa_adwokat002-1000x1500.jpg\" alt=\"\" class=\"wp-image-4343\" srcset=\"https:\/\/justynabronowska.pl\/fotografia\/wp-content\/uploads\/sites\/3\/2025\/06\/sesja_biznesowa_adwokat002-1000x1500.jpg 1000w, https:\/\/justynabronowska.pl\/fotografia\/wp-content\/uploads\/sites\/3\/2025\/06\/sesja_biznesowa_adwokat002-683x1024.jpg 683w, https:\/\/justynabronowska.pl\/fotografia\/wp-content\/uploads\/sites\/3\/2025\/06\/sesja_biznesowa_adwokat002-768x1152.jpg 768w, https:\/\/justynabronowska.pl\/fotografia\/wp-content\/uploads\/sites\/3\/2025\/06\/sesja_biznesowa_adwokat002-1024x1536.jpg 1024w, https:\/\/justynabronowska.pl\/fotografia\/wp-content\/uploads\/sites\/3\/2025\/06\/sesja_biznesowa_adwokat002.jpg 1200w\" sizes=\"auto, (max-width: 1000px) 100vw, 1000px\" \/><\/figure>\n\n\n\n<figure class=\"wp-block-image size-large\"><img loading=\"lazy\" decoding=\"async\" width=\"1800\" height=\"1200\" data-id=\"4336\" src=\"https:\/\/justynabronowska.pl\/fotografia\/wp-content\/uploads\/sites\/3\/2025\/06\/sesja_biznesowa_adwokat006.jpg\" alt=\"\" class=\"wp-image-4336\" srcset=\"https:\/\/justynabronowska.pl\/fotografia\/wp-content\/uploads\/sites\/3\/2025\/06\/sesja_biznesowa_adwokat006.jpg 1800w, https:\/\/justynabronowska.pl\/fotografia\/wp-content\/uploads\/sites\/3\/2025\/06\/sesja_biznesowa_adwokat006-1024x683.jpg 1024w, https:\/\/justynabronowska.pl\/fotografia\/wp-content\/uploads\/sites\/3\/2025\/06\/sesja_biznesowa_adwokat006-768x512.jpg 768w, https:\/\/justynabronowska.pl\/fotografia\/wp-content\/uploads\/sites\/3\/2025\/06\/sesja_biznesowa_adwokat006-1536x1024.jpg 1536w\" sizes=\"auto, (max-width: 1800px) 100vw, 1800px\" \/><\/figure>\n\n\n\n<figure class=\"wp-block-image size-large\"><img loading=\"lazy\" decoding=\"async\" width=\"1000\" height=\"1500\" data-id=\"4341\" src=\"https:\/\/justynabronowska.pl\/fotografia\/wp-content\/uploads\/sites\/3\/2025\/06\/sesja_biznesowa_adwokat007-1000x1500.jpg\" alt=\"\" class=\"wp-image-4341\" srcset=\"https:\/\/justynabronowska.pl\/fotografia\/wp-content\/uploads\/sites\/3\/2025\/06\/sesja_biznesowa_adwokat007-1000x1500.jpg 1000w, https:\/\/justynabronowska.pl\/fotografia\/wp-content\/uploads\/sites\/3\/2025\/06\/sesja_biznesowa_adwokat007-683x1024.jpg 683w, https:\/\/justynabronowska.pl\/fotografia\/wp-content\/uploads\/sites\/3\/2025\/06\/sesja_biznesowa_adwokat007-768x1152.jpg 768w, https:\/\/justynabronowska.pl\/fotografia\/wp-content\/uploads\/sites\/3\/2025\/06\/sesja_biznesowa_adwokat007-1024x1536.jpg 1024w, https:\/\/justynabronowska.pl\/fotografia\/wp-content\/uploads\/sites\/3\/2025\/06\/sesja_biznesowa_adwokat007.jpg 1200w\" sizes=\"auto, (max-width: 1000px) 100vw, 1000px\" \/><\/figure>\n\n\n\n<figure class=\"wp-block-image size-large\"><img loading=\"lazy\" decoding=\"async\" width=\"1000\" height=\"1500\" data-id=\"4345\" src=\"https:\/\/justynabronowska.pl\/fotografia\/wp-content\/uploads\/sites\/3\/2025\/06\/sesja_biznesowa_adwokat010-1000x1500.jpg\" alt=\"\" class=\"wp-image-4345\" srcset=\"https:\/\/justynabronowska.pl\/fotografia\/wp-content\/uploads\/sites\/3\/2025\/06\/sesja_biznesowa_adwokat010-1000x1500.jpg 1000w, https:\/\/justynabronowska.pl\/fotografia\/wp-content\/uploads\/sites\/3\/2025\/06\/sesja_biznesowa_adwokat010-683x1024.jpg 683w, https:\/\/justynabronowska.pl\/fotografia\/wp-content\/uploads\/sites\/3\/2025\/06\/sesja_biznesowa_adwokat010-768x1152.jpg 768w, https:\/\/justynabronowska.pl\/fotografia\/wp-content\/uploads\/sites\/3\/2025\/06\/sesja_biznesowa_adwokat010-1024x1536.jpg 1024w, https:\/\/justynabronowska.pl\/fotografia\/wp-content\/uploads\/sites\/3\/2025\/06\/sesja_biznesowa_adwokat010.jpg 1200w\" sizes=\"auto, (max-width: 1000px) 100vw, 1000px\" \/><\/figure>\n\n\n\n<figure class=\"wp-block-image size-large\"><img loading=\"lazy\" decoding=\"async\" width=\"1000\" height=\"1500\" data-id=\"4340\" src=\"https:\/\/justynabronowska.pl\/fotografia\/wp-content\/uploads\/sites\/3\/2025\/06\/sesja_biznesowa_adwokat008-1000x1500.jpg\" alt=\"\" class=\"wp-image-4340\" srcset=\"https:\/\/justynabronowska.pl\/fotografia\/wp-content\/uploads\/sites\/3\/2025\/06\/sesja_biznesowa_adwokat008-1000x1500.jpg 1000w, https:\/\/justynabronowska.pl\/fotografia\/wp-content\/uploads\/sites\/3\/2025\/06\/sesja_biznesowa_adwokat008-683x1024.jpg 683w, https:\/\/justynabronowska.pl\/fotografia\/wp-content\/uploads\/sites\/3\/2025\/06\/sesja_biznesowa_adwokat008-768x1152.jpg 768w, https:\/\/justynabronowska.pl\/fotografia\/wp-content\/uploads\/sites\/3\/2025\/06\/sesja_biznesowa_adwokat008-1024x1536.jpg 1024w, https:\/\/justynabronowska.pl\/fotografia\/wp-content\/uploads\/sites\/3\/2025\/06\/sesja_biznesowa_adwokat008.jpg 1200w\" sizes=\"auto, (max-width: 1000px) 100vw, 1000px\" \/><\/figure>\n\n\n\n<figure class=\"wp-block-image size-large\"><img loading=\"lazy\" decoding=\"async\" width=\"1000\" height=\"1500\" data-id=\"4337\" src=\"https:\/\/justynabronowska.pl\/fotografia\/wp-content\/uploads\/sites\/3\/2025\/06\/sesja_biznesowa_adwokat015-1000x1500.jpg\" alt=\"\" class=\"wp-image-4337\" srcset=\"https:\/\/justynabronowska.pl\/fotografia\/wp-content\/uploads\/sites\/3\/2025\/06\/sesja_biznesowa_adwokat015-1000x1500.jpg 1000w, https:\/\/justynabronowska.pl\/fotografia\/wp-content\/uploads\/sites\/3\/2025\/06\/sesja_biznesowa_adwokat015-683x1024.jpg 683w, https:\/\/justynabronowska.pl\/fotografia\/wp-content\/uploads\/sites\/3\/2025\/06\/sesja_biznesowa_adwokat015-768x1152.jpg 768w, https:\/\/justynabronowska.pl\/fotografia\/wp-content\/uploads\/sites\/3\/2025\/06\/sesja_biznesowa_adwokat015-1024x1536.jpg 1024w, https:\/\/justynabronowska.pl\/fotografia\/wp-content\/uploads\/sites\/3\/2025\/06\/sesja_biznesowa_adwokat015.jpg 1200w\" sizes=\"auto, (max-width: 1000px) 100vw, 1000px\" \/><\/figure>\n\n\n\n<figure class=\"wp-block-image size-large\"><img loading=\"lazy\" decoding=\"async\" width=\"1000\" height=\"1500\" data-id=\"4330\" src=\"https:\/\/justynabronowska.pl\/fotografia\/wp-content\/uploads\/sites\/3\/2025\/06\/sesja_biznesowa_adwokat011-1000x1500.jpg\" alt=\"\" class=\"wp-image-4330\" srcset=\"https:\/\/justynabronowska.pl\/fotografia\/wp-content\/uploads\/sites\/3\/2025\/06\/sesja_biznesowa_adwokat011-1000x1500.jpg 1000w, https:\/\/justynabronowska.pl\/fotografia\/wp-content\/uploads\/sites\/3\/2025\/06\/sesja_biznesowa_adwokat011-683x1024.jpg 683w, https:\/\/justynabronowska.pl\/fotografia\/wp-content\/uploads\/sites\/3\/2025\/06\/sesja_biznesowa_adwokat011-768x1152.jpg 768w, https:\/\/justynabronowska.pl\/fotografia\/wp-content\/uploads\/sites\/3\/2025\/06\/sesja_biznesowa_adwokat011-1024x1536.jpg 1024w, https:\/\/justynabronowska.pl\/fotografia\/wp-content\/uploads\/sites\/3\/2025\/06\/sesja_biznesowa_adwokat011.jpg 1200w\" sizes=\"auto, (max-width: 1000px) 100vw, 1000px\" \/><\/figure>\n\n\n\n<figure class=\"wp-block-image size-large\"><img loading=\"lazy\" decoding=\"async\" width=\"1000\" height=\"1500\" data-id=\"4333\" src=\"https:\/\/justynabronowska.pl\/fotografia\/wp-content\/uploads\/sites\/3\/2025\/06\/sesja_biznesowa_adwokat012-1000x1500.jpg\" alt=\"\" class=\"wp-image-4333\" srcset=\"https:\/\/justynabronowska.pl\/fotografia\/wp-content\/uploads\/sites\/3\/2025\/06\/sesja_biznesowa_adwokat012-1000x1500.jpg 1000w, https:\/\/justynabronowska.pl\/fotografia\/wp-content\/uploads\/sites\/3\/2025\/06\/sesja_biznesowa_adwokat012-683x1024.jpg 683w, https:\/\/justynabronowska.pl\/fotografia\/wp-content\/uploads\/sites\/3\/2025\/06\/sesja_biznesowa_adwokat012-768x1152.jpg 768w, https:\/\/justynabronowska.pl\/fotografia\/wp-content\/uploads\/sites\/3\/2025\/06\/sesja_biznesowa_adwokat012-1024x1536.jpg 1024w, https:\/\/justynabronowska.pl\/fotografia\/wp-content\/uploads\/sites\/3\/2025\/06\/sesja_biznesowa_adwokat012.jpg 1200w\" sizes=\"auto, (max-width: 1000px) 100vw, 1000px\" \/><\/figure>\n\n\n\n<figure class=\"wp-block-image size-large\"><img loading=\"lazy\" decoding=\"async\" width=\"1000\" height=\"1500\" data-id=\"4326\" src=\"https:\/\/justynabronowska.pl\/fotografia\/wp-content\/uploads\/sites\/3\/2025\/06\/sesja_biznesowa_adwokat016-1000x1500.jpg\" alt=\"\" class=\"wp-image-4326\" srcset=\"https:\/\/justynabronowska.pl\/fotografia\/wp-content\/uploads\/sites\/3\/2025\/06\/sesja_biznesowa_adwokat016-1000x1500.jpg 1000w, https:\/\/justynabronowska.pl\/fotografia\/wp-content\/uploads\/sites\/3\/2025\/06\/sesja_biznesowa_adwokat016-683x1024.jpg 683w, https:\/\/justynabronowska.pl\/fotografia\/wp-content\/uploads\/sites\/3\/2025\/06\/sesja_biznesowa_adwokat016-768x1152.jpg 768w, https:\/\/justynabronowska.pl\/fotografia\/wp-content\/uploads\/sites\/3\/2025\/06\/sesja_biznesowa_adwokat016-1024x1536.jpg 1024w, https:\/\/justynabronowska.pl\/fotografia\/wp-content\/uploads\/sites\/3\/2025\/06\/sesja_biznesowa_adwokat016.jpg 1200w\" sizes=\"auto, (max-width: 1000px) 100vw, 1000px\" \/><\/figure>\n\n\n\n<figure class=\"wp-block-image size-large\"><img loading=\"lazy\" decoding=\"async\" width=\"1800\" height=\"1200\" data-id=\"4327\" src=\"https:\/\/justynabronowska.pl\/fotografia\/wp-content\/uploads\/sites\/3\/2025\/06\/sesja_biznesowa_adwokat005.jpg\" alt=\"\" class=\"wp-image-4327\" srcset=\"https:\/\/justynabronowska.pl\/fotografia\/wp-content\/uploads\/sites\/3\/2025\/06\/sesja_biznesowa_adwokat005.jpg 1800w, https:\/\/justynabronowska.pl\/fotografia\/wp-content\/uploads\/sites\/3\/2025\/06\/sesja_biznesowa_adwokat005-1024x683.jpg 1024w, https:\/\/justynabronowska.pl\/fotografia\/wp-content\/uploads\/sites\/3\/2025\/06\/sesja_biznesowa_adwokat005-768x512.jpg 768w, https:\/\/justynabronowska.pl\/fotografia\/wp-content\/uploads\/sites\/3\/2025\/06\/sesja_biznesowa_adwokat005-1536x1024.jpg 1536w\" sizes=\"auto, (max-width: 1800px) 100vw, 1800px\" \/><\/figure>\n\n\n\n<figure class=\"wp-block-image size-large\"><img loading=\"lazy\" decoding=\"async\" width=\"1000\" height=\"1500\" data-id=\"4338\" src=\"https:\/\/justynabronowska.pl\/fotografia\/wp-content\/uploads\/sites\/3\/2025\/06\/sesja_biznesowa_adwokat018-1000x1500.jpg\" alt=\"\" class=\"wp-image-4338\" srcset=\"https:\/\/justynabronowska.pl\/fotografia\/wp-content\/uploads\/sites\/3\/2025\/06\/sesja_biznesowa_adwokat018-1000x1500.jpg 1000w, https:\/\/justynabronowska.pl\/fotografia\/wp-content\/uploads\/sites\/3\/2025\/06\/sesja_biznesowa_adwokat018-683x1024.jpg 683w, https:\/\/justynabronowska.pl\/fotografia\/wp-content\/uploads\/sites\/3\/2025\/06\/sesja_biznesowa_adwokat018-768x1152.jpg 768w, https:\/\/justynabronowska.pl\/fotografia\/wp-content\/uploads\/sites\/3\/2025\/06\/sesja_biznesowa_adwokat018-1024x1536.jpg 1024w, https:\/\/justynabronowska.pl\/fotografia\/wp-content\/uploads\/sites\/3\/2025\/06\/sesja_biznesowa_adwokat018.jpg 1200w\" sizes=\"auto, (max-width: 1000px) 100vw, 1000px\" \/><\/figure>\n\n\n\n<figure class=\"wp-block-image size-large\"><img loading=\"lazy\" decoding=\"async\" width=\"1000\" height=\"1500\" data-id=\"4335\" src=\"https:\/\/justynabronowska.pl\/fotografia\/wp-content\/uploads\/sites\/3\/2025\/06\/sesja_biznesowa_adwokat019-1000x1500.jpg\" alt=\"\" class=\"wp-image-4335\" srcset=\"https:\/\/justynabronowska.pl\/fotografia\/wp-content\/uploads\/sites\/3\/2025\/06\/sesja_biznesowa_adwokat019-1000x1500.jpg 1000w, https:\/\/justynabronowska.pl\/fotografia\/wp-content\/uploads\/sites\/3\/2025\/06\/sesja_biznesowa_adwokat019-683x1024.jpg 683w, https:\/\/justynabronowska.pl\/fotografia\/wp-content\/uploads\/sites\/3\/2025\/06\/sesja_biznesowa_adwokat019-768x1152.jpg 768w, https:\/\/justynabronowska.pl\/fotografia\/wp-content\/uploads\/sites\/3\/2025\/06\/sesja_biznesowa_adwokat019-1024x1536.jpg 1024w, https:\/\/justynabronowska.pl\/fotografia\/wp-content\/uploads\/sites\/3\/2025\/06\/sesja_biznesowa_adwokat019.jpg 1200w\" sizes=\"auto, (max-width: 1000px) 100vw, 1000px\" \/><\/figure>\n\n\n\n<figure class=\"wp-block-image size-large\"><img loading=\"lazy\" decoding=\"async\" width=\"1000\" height=\"1500\" data-id=\"4332\" src=\"https:\/\/justynabronowska.pl\/fotografia\/wp-content\/uploads\/sites\/3\/2025\/06\/sesja_biznesowa_adwokat022-1000x1500.jpg\" alt=\"\" class=\"wp-image-4332\" srcset=\"https:\/\/justynabronowska.pl\/fotografia\/wp-content\/uploads\/sites\/3\/2025\/06\/sesja_biznesowa_adwokat022-1000x1500.jpg 1000w, https:\/\/justynabronowska.pl\/fotografia\/wp-content\/uploads\/sites\/3\/2025\/06\/sesja_biznesowa_adwokat022-683x1024.jpg 683w, https:\/\/justynabronowska.pl\/fotografia\/wp-content\/uploads\/sites\/3\/2025\/06\/sesja_biznesowa_adwokat022-768x1152.jpg 768w, https:\/\/justynabronowska.pl\/fotografia\/wp-content\/uploads\/sites\/3\/2025\/06\/sesja_biznesowa_adwokat022-1024x1536.jpg 1024w, https:\/\/justynabronowska.pl\/fotografia\/wp-content\/uploads\/sites\/3\/2025\/06\/sesja_biznesowa_adwokat022.jpg 1200w\" sizes=\"auto, (max-width: 1000px) 100vw, 1000px\" \/><\/figure>\n\n\n\n<figure class=\"wp-block-image size-large\"><img loading=\"lazy\" decoding=\"async\" width=\"1000\" height=\"1500\" data-id=\"4346\" src=\"https:\/\/justynabronowska.pl\/fotografia\/wp-content\/uploads\/sites\/3\/2025\/06\/sesja_biznesowa_meska001-1000x1500.jpg\" alt=\"\" class=\"wp-image-4346\" srcset=\"https:\/\/justynabronowska.pl\/fotografia\/wp-content\/uploads\/sites\/3\/2025\/06\/sesja_biznesowa_meska001-1000x1500.jpg 1000w, https:\/\/justynabronowska.pl\/fotografia\/wp-content\/uploads\/sites\/3\/2025\/06\/sesja_biznesowa_meska001-683x1024.jpg 683w, https:\/\/justynabronowska.pl\/fotografia\/wp-content\/uploads\/sites\/3\/2025\/06\/sesja_biznesowa_meska001-768x1152.jpg 768w, https:\/\/justynabronowska.pl\/fotografia\/wp-content\/uploads\/sites\/3\/2025\/06\/sesja_biznesowa_meska001-1024x1536.jpg 1024w, https:\/\/justynabronowska.pl\/fotografia\/wp-content\/uploads\/sites\/3\/2025\/06\/sesja_biznesowa_meska001.jpg 1200w\" sizes=\"auto, (max-width: 1000px) 100vw, 1000px\" \/><\/figure>\n\n\n\n<figure class=\"wp-block-image size-large\"><img loading=\"lazy\" decoding=\"async\" width=\"1000\" height=\"1500\" data-id=\"4324\" src=\"https:\/\/justynabronowska.pl\/fotografia\/wp-content\/uploads\/sites\/3\/2025\/06\/sesja_biznesowa_adwokat021-1000x1500.jpg\" alt=\"\" class=\"wp-image-4324\" srcset=\"https:\/\/justynabronowska.pl\/fotografia\/wp-content\/uploads\/sites\/3\/2025\/06\/sesja_biznesowa_adwokat021-1000x1500.jpg 1000w, https:\/\/justynabronowska.pl\/fotografia\/wp-content\/uploads\/sites\/3\/2025\/06\/sesja_biznesowa_adwokat021-683x1024.jpg 683w, https:\/\/justynabronowska.pl\/fotografia\/wp-content\/uploads\/sites\/3\/2025\/06\/sesja_biznesowa_adwokat021-768x1152.jpg 768w, https:\/\/justynabronowska.pl\/fotografia\/wp-content\/uploads\/sites\/3\/2025\/06\/sesja_biznesowa_adwokat021-1024x1536.jpg 1024w, https:\/\/justynabronowska.pl\/fotografia\/wp-content\/uploads\/sites\/3\/2025\/06\/sesja_biznesowa_adwokat021.jpg 1200w\" sizes=\"auto, (max-width: 1000px) 100vw, 1000px\" \/><\/figure>\n<\/figure>\n","protected":false},"excerpt":{"rendered":"<p>Dzi\u015b odmiana, czyli portret m\u0119ski. Sesja wizerunkowa, czyli niezb\u0119dnik w budowaniu zaufania i wiarygodno\u015bci. \u201eW \u015bwietle prawa\u201d &#8211; to domena Szymona, \u201ew dobrym \u015bwietle\u201d to moja. I tak wsp\u00f3lnie stworzyli\u015bmy portrety wizerunkowe w Kancelaria Adwokacka Szymon Janiga Troch\u0119 klasycznych portret\u00f3w, troch\u0119 detali , okno i jego graficzne ramy i kadry w r\u00f3\u017cnych sytuacjach wspieraj\u0105ce merytoryczne [&hellip;]<\/p>\n","protected":false},"author":1,"featured_media":4349,"comment_status":"open","ping_status":"open","sticky":false,"template":"","format":"standard","meta":{"footnotes":""},"categories":[64,91],"tags":[75,92,67],"class_list":{"0":"post-4323","1":"post","2":"type-post","3":"status-publish","4":"format-standard","5":"has-post-thumbnail","7":"category-sesja-biznesowa","8":"category-sesja-wizerunkowa","9":"tag-fotograf-bielsko-biala","10":"tag-sesja-biznesowa-bielsko","11":"tag-sesja-wizerunkowa-bielsko"},"yoast_head":"<!-- This site is optimized with the Yoast SEO plugin v27.3 - https:\/\/yoast.com\/product\/yoast-seo-wordpress\/ -->\n<title>Sesja wizerunkowa dla adwokata - Justyna Bronowska Fotografia - Fotografia \u015blubna, wizerunkowa, rodzinna Bielsko-Bia\u0142a, \u015al\u0105sk<\/title>\n<meta name=\"robots\" content=\"index, follow, max-snippet:-1, max-image-preview:large, max-video-preview:-1\" \/>\n<link rel=\"canonical\" href=\"https:\/\/justynabronowska.pl\/fotografia\/sesja-wizerunkowa-dla-adwokata\/\" \/>\n<meta property=\"og:locale\" content=\"pl_PL\" \/>\n<meta property=\"og:type\" content=\"article\" \/>\n<meta property=\"og:title\" content=\"Sesja wizerunkowa dla adwokata - Justyna Bronowska Fotografia - Fotografia \u015blubna, wizerunkowa, rodzinna Bielsko-Bia\u0142a, \u015al\u0105sk\" \/>\n<meta property=\"og:description\" content=\"Dzi\u015b odmiana, czyli portret m\u0119ski. Sesja wizerunkowa, czyli niezb\u0119dnik w budowaniu zaufania i wiarygodno\u015bci. \u201eW \u015bwietle prawa\u201d &#8211; to domena Szymona, \u201ew dobrym \u015bwietle\u201d to moja. I tak wsp\u00f3lnie stworzyli\u015bmy portrety wizerunkowe w Kancelaria Adwokacka Szymon Janiga Troch\u0119 klasycznych portret\u00f3w, troch\u0119 detali , okno i jego graficzne ramy i kadry w r\u00f3\u017cnych sytuacjach wspieraj\u0105ce merytoryczne [&hellip;]\" \/>\n<meta property=\"og:url\" content=\"https:\/\/justynabronowska.pl\/fotografia\/sesja-wizerunkowa-dla-adwokata\/\" \/>\n<meta property=\"og:site_name\" content=\"Justyna Bronowska Fotografia - Fotografia \u015blubna, wizerunkowa, rodzinna Bielsko-Bia\u0142a, \u015al\u0105sk\" \/>\n<meta property=\"article:published_time\" content=\"2025-03-16T09:47:00+00:00\" \/>\n<meta property=\"article:modified_time\" content=\"2025-06-16T11:03:02+00:00\" \/>\n<meta property=\"og:image\" content=\"https:\/\/justynabronowska.pl\/fotografia\/wp-content\/uploads\/sites\/3\/2025\/03\/sesja_biznesowa_adwokat004.jpg\" \/>\n\t<meta property=\"og:image:width\" content=\"1800\" \/>\n\t<meta property=\"og:image:height\" content=\"1080\" \/>\n\t<meta property=\"og:image:type\" content=\"image\/jpeg\" \/>\n<meta name=\"author\" content=\"admin\" \/>\n<meta name=\"twitter:card\" content=\"summary_large_image\" \/>\n<meta name=\"twitter:label1\" content=\"Napisane przez\" \/>\n\t<meta name=\"twitter:data1\" content=\"admin\" \/>\n\t<meta name=\"twitter:label2\" content=\"Szacowany czas czytania\" \/>\n\t<meta name=\"twitter:data2\" content=\"1 minuta\" \/>\n<script type=\"application\/ld+json\" class=\"yoast-schema-graph\">{\"@context\":\"https:\\\/\\\/schema.org\",\"@graph\":[{\"@type\":\"Article\",\"@id\":\"https:\\\/\\\/justynabronowska.pl\\\/fotografia\\\/sesja-wizerunkowa-dla-adwokata\\\/#article\",\"isPartOf\":{\"@id\":\"https:\\\/\\\/justynabronowska.pl\\\/fotografia\\\/sesja-wizerunkowa-dla-adwokata\\\/\"},\"author\":{\"name\":\"admin\",\"@id\":\"https:\\\/\\\/justynabronowska.pl\\\/fotografia\\\/#\\\/schema\\\/person\\\/6c4ecde1a4b4fe3519f8ab8ce8d68e30\"},\"headline\":\"Sesja wizerunkowa dla adwokata\",\"datePublished\":\"2025-03-16T09:47:00+00:00\",\"dateModified\":\"2025-06-16T11:03:02+00:00\",\"mainEntityOfPage\":{\"@id\":\"https:\\\/\\\/justynabronowska.pl\\\/fotografia\\\/sesja-wizerunkowa-dla-adwokata\\\/\"},\"wordCount\":108,\"commentCount\":0,\"image\":{\"@id\":\"https:\\\/\\\/justynabronowska.pl\\\/fotografia\\\/sesja-wizerunkowa-dla-adwokata\\\/#primaryimage\"},\"thumbnailUrl\":\"https:\\\/\\\/justynabronowska.pl\\\/fotografia\\\/wp-content\\\/uploads\\\/sites\\\/3\\\/2025\\\/03\\\/sesja_biznesowa_adwokat004.jpg\",\"keywords\":[\"fotograf bielsko bia\u0142a\",\"sesja biznesowa bielsko\",\"sesja wizerunkowa bielsko\"],\"articleSection\":[\"sesja biznesowa\",\"sesja wizerunkowa\"],\"inLanguage\":\"pl-PL\",\"potentialAction\":[{\"@type\":\"CommentAction\",\"name\":\"Comment\",\"target\":[\"https:\\\/\\\/justynabronowska.pl\\\/fotografia\\\/sesja-wizerunkowa-dla-adwokata\\\/#respond\"]}]},{\"@type\":\"WebPage\",\"@id\":\"https:\\\/\\\/justynabronowska.pl\\\/fotografia\\\/sesja-wizerunkowa-dla-adwokata\\\/\",\"url\":\"https:\\\/\\\/justynabronowska.pl\\\/fotografia\\\/sesja-wizerunkowa-dla-adwokata\\\/\",\"name\":\"Sesja wizerunkowa dla adwokata - Justyna Bronowska Fotografia - Fotografia \u015blubna, wizerunkowa, rodzinna Bielsko-Bia\u0142a, \u015al\u0105sk\",\"isPartOf\":{\"@id\":\"https:\\\/\\\/justynabronowska.pl\\\/fotografia\\\/#website\"},\"primaryImageOfPage\":{\"@id\":\"https:\\\/\\\/justynabronowska.pl\\\/fotografia\\\/sesja-wizerunkowa-dla-adwokata\\\/#primaryimage\"},\"image\":{\"@id\":\"https:\\\/\\\/justynabronowska.pl\\\/fotografia\\\/sesja-wizerunkowa-dla-adwokata\\\/#primaryimage\"},\"thumbnailUrl\":\"https:\\\/\\\/justynabronowska.pl\\\/fotografia\\\/wp-content\\\/uploads\\\/sites\\\/3\\\/2025\\\/03\\\/sesja_biznesowa_adwokat004.jpg\",\"datePublished\":\"2025-03-16T09:47:00+00:00\",\"dateModified\":\"2025-06-16T11:03:02+00:00\",\"author\":{\"@id\":\"https:\\\/\\\/justynabronowska.pl\\\/fotografia\\\/#\\\/schema\\\/person\\\/6c4ecde1a4b4fe3519f8ab8ce8d68e30\"},\"breadcrumb\":{\"@id\":\"https:\\\/\\\/justynabronowska.pl\\\/fotografia\\\/sesja-wizerunkowa-dla-adwokata\\\/#breadcrumb\"},\"inLanguage\":\"pl-PL\",\"potentialAction\":[{\"@type\":\"ReadAction\",\"target\":[\"https:\\\/\\\/justynabronowska.pl\\\/fotografia\\\/sesja-wizerunkowa-dla-adwokata\\\/\"]}]},{\"@type\":\"ImageObject\",\"inLanguage\":\"pl-PL\",\"@id\":\"https:\\\/\\\/justynabronowska.pl\\\/fotografia\\\/sesja-wizerunkowa-dla-adwokata\\\/#primaryimage\",\"url\":\"https:\\\/\\\/justynabronowska.pl\\\/fotografia\\\/wp-content\\\/uploads\\\/sites\\\/3\\\/2025\\\/03\\\/sesja_biznesowa_adwokat004.jpg\",\"contentUrl\":\"https:\\\/\\\/justynabronowska.pl\\\/fotografia\\\/wp-content\\\/uploads\\\/sites\\\/3\\\/2025\\\/03\\\/sesja_biznesowa_adwokat004.jpg\",\"width\":1800,\"height\":1080},{\"@type\":\"BreadcrumbList\",\"@id\":\"https:\\\/\\\/justynabronowska.pl\\\/fotografia\\\/sesja-wizerunkowa-dla-adwokata\\\/#breadcrumb\",\"itemListElement\":[{\"@type\":\"ListItem\",\"position\":1,\"name\":\"Home\",\"item\":\"https:\\\/\\\/justynabronowska.pl\\\/fotografia\\\/\"},{\"@type\":\"ListItem\",\"position\":2,\"name\":\"Sesja wizerunkowa dla adwokata\"}]},{\"@type\":\"WebSite\",\"@id\":\"https:\\\/\\\/justynabronowska.pl\\\/fotografia\\\/#website\",\"url\":\"https:\\\/\\\/justynabronowska.pl\\\/fotografia\\\/\",\"name\":\"Justyna Bronowska Fotografia - Fotografia \u015blubna, wizerunkowa, rodzinna Bielsko-Bia\u0142a, \u015al\u0105sk\",\"description\":\"Justyna Bronowska Fotografia - Fotografia \u015blubna, wizerunkowa, rodzinna Bielsko-Bia\u0142a, \u015al\u0105sk\",\"potentialAction\":[{\"@type\":\"SearchAction\",\"target\":{\"@type\":\"EntryPoint\",\"urlTemplate\":\"https:\\\/\\\/justynabronowska.pl\\\/fotografia\\\/?s={search_term_string}\"},\"query-input\":{\"@type\":\"PropertyValueSpecification\",\"valueRequired\":true,\"valueName\":\"search_term_string\"}}],\"inLanguage\":\"pl-PL\"},{\"@type\":\"Person\",\"@id\":\"https:\\\/\\\/justynabronowska.pl\\\/fotografia\\\/#\\\/schema\\\/person\\\/6c4ecde1a4b4fe3519f8ab8ce8d68e30\",\"name\":\"admin\",\"image\":{\"@type\":\"ImageObject\",\"inLanguage\":\"pl-PL\",\"@id\":\"https:\\\/\\\/secure.gravatar.com\\\/avatar\\\/29bf5daac66150479063cb58106501dc39e4fa1129c87d50f2cd7573b0165bb6?s=96&d=mm&r=g\",\"url\":\"https:\\\/\\\/secure.gravatar.com\\\/avatar\\\/29bf5daac66150479063cb58106501dc39e4fa1129c87d50f2cd7573b0165bb6?s=96&d=mm&r=g\",\"contentUrl\":\"https:\\\/\\\/secure.gravatar.com\\\/avatar\\\/29bf5daac66150479063cb58106501dc39e4fa1129c87d50f2cd7573b0165bb6?s=96&d=mm&r=g\",\"caption\":\"admin\"},\"url\":\"https:\\\/\\\/justynabronowska.pl\\\/fotografia\\\/author\\\/admin\\\/\"}]}<\/script>\n<!-- \/ Yoast SEO plugin. -->","yoast_head_json":{"title":"Sesja wizerunkowa dla adwokata - Justyna Bronowska Fotografia - Fotografia \u015blubna, wizerunkowa, rodzinna Bielsko-Bia\u0142a, \u015al\u0105sk","robots":{"index":"index","follow":"follow","max-snippet":"max-snippet:-1","max-image-preview":"max-image-preview:large","max-video-preview":"max-video-preview:-1"},"canonical":"https:\/\/justynabronowska.pl\/fotografia\/sesja-wizerunkowa-dla-adwokata\/","og_locale":"pl_PL","og_type":"article","og_title":"Sesja wizerunkowa dla adwokata - Justyna Bronowska Fotografia - Fotografia \u015blubna, wizerunkowa, rodzinna Bielsko-Bia\u0142a, \u015al\u0105sk","og_description":"Dzi\u015b odmiana, czyli portret m\u0119ski. Sesja wizerunkowa, czyli niezb\u0119dnik w budowaniu zaufania i wiarygodno\u015bci. \u201eW \u015bwietle prawa\u201d &#8211; to domena Szymona, \u201ew dobrym \u015bwietle\u201d to moja. I tak wsp\u00f3lnie stworzyli\u015bmy portrety wizerunkowe w Kancelaria Adwokacka Szymon Janiga Troch\u0119 klasycznych portret\u00f3w, troch\u0119 detali , okno i jego graficzne ramy i kadry w r\u00f3\u017cnych sytuacjach wspieraj\u0105ce merytoryczne [&hellip;]","og_url":"https:\/\/justynabronowska.pl\/fotografia\/sesja-wizerunkowa-dla-adwokata\/","og_site_name":"Justyna Bronowska Fotografia - Fotografia \u015blubna, wizerunkowa, rodzinna Bielsko-Bia\u0142a, \u015al\u0105sk","article_published_time":"2025-03-16T09:47:00+00:00","article_modified_time":"2025-06-16T11:03:02+00:00","og_image":[{"width":1800,"height":1080,"url":"https:\/\/justynabronowska.pl\/fotografia\/wp-content\/uploads\/sites\/3\/2025\/03\/sesja_biznesowa_adwokat004.jpg","type":"image\/jpeg"}],"author":"admin","twitter_card":"summary_large_image","twitter_misc":{"Napisane przez":"admin","Szacowany czas czytania":"1 minuta"},"schema":{"@context":"https:\/\/schema.org","@graph":[{"@type":"Article","@id":"https:\/\/justynabronowska.pl\/fotografia\/sesja-wizerunkowa-dla-adwokata\/#article","isPartOf":{"@id":"https:\/\/justynabronowska.pl\/fotografia\/sesja-wizerunkowa-dla-adwokata\/"},"author":{"name":"admin","@id":"https:\/\/justynabronowska.pl\/fotografia\/#\/schema\/person\/6c4ecde1a4b4fe3519f8ab8ce8d68e30"},"headline":"Sesja wizerunkowa dla adwokata","datePublished":"2025-03-16T09:47:00+00:00","dateModified":"2025-06-16T11:03:02+00:00","mainEntityOfPage":{"@id":"https:\/\/justynabronowska.pl\/fotografia\/sesja-wizerunkowa-dla-adwokata\/"},"wordCount":108,"commentCount":0,"image":{"@id":"https:\/\/justynabronowska.pl\/fotografia\/sesja-wizerunkowa-dla-adwokata\/#primaryimage"},"thumbnailUrl":"https:\/\/justynabronowska.pl\/fotografia\/wp-content\/uploads\/sites\/3\/2025\/03\/sesja_biznesowa_adwokat004.jpg","keywords":["fotograf bielsko bia\u0142a","sesja biznesowa bielsko","sesja wizerunkowa bielsko"],"articleSection":["sesja biznesowa","sesja wizerunkowa"],"inLanguage":"pl-PL","potentialAction":[{"@type":"CommentAction","name":"Comment","target":["https:\/\/justynabronowska.pl\/fotografia\/sesja-wizerunkowa-dla-adwokata\/#respond"]}]},{"@type":"WebPage","@id":"https:\/\/justynabronowska.pl\/fotografia\/sesja-wizerunkowa-dla-adwokata\/","url":"https:\/\/justynabronowska.pl\/fotografia\/sesja-wizerunkowa-dla-adwokata\/","name":"Sesja wizerunkowa dla adwokata - Justyna Bronowska Fotografia - Fotografia \u015blubna, wizerunkowa, rodzinna Bielsko-Bia\u0142a, \u015al\u0105sk","isPartOf":{"@id":"https:\/\/justynabronowska.pl\/fotografia\/#website"},"primaryImageOfPage":{"@id":"https:\/\/justynabronowska.pl\/fotografia\/sesja-wizerunkowa-dla-adwokata\/#primaryimage"},"image":{"@id":"https:\/\/justynabronowska.pl\/fotografia\/sesja-wizerunkowa-dla-adwokata\/#primaryimage"},"thumbnailUrl":"https:\/\/justynabronowska.pl\/fotografia\/wp-content\/uploads\/sites\/3\/2025\/03\/sesja_biznesowa_adwokat004.jpg","datePublished":"2025-03-16T09:47:00+00:00","dateModified":"2025-06-16T11:03:02+00:00","author":{"@id":"https:\/\/justynabronowska.pl\/fotografia\/#\/schema\/person\/6c4ecde1a4b4fe3519f8ab8ce8d68e30"},"breadcrumb":{"@id":"https:\/\/justynabronowska.pl\/fotografia\/sesja-wizerunkowa-dla-adwokata\/#breadcrumb"},"inLanguage":"pl-PL","potentialAction":[{"@type":"ReadAction","target":["https:\/\/justynabronowska.pl\/fotografia\/sesja-wizerunkowa-dla-adwokata\/"]}]},{"@type":"ImageObject","inLanguage":"pl-PL","@id":"https:\/\/justynabronowska.pl\/fotografia\/sesja-wizerunkowa-dla-adwokata\/#primaryimage","url":"https:\/\/justynabronowska.pl\/fotografia\/wp-content\/uploads\/sites\/3\/2025\/03\/sesja_biznesowa_adwokat004.jpg","contentUrl":"https:\/\/justynabronowska.pl\/fotografia\/wp-content\/uploads\/sites\/3\/2025\/03\/sesja_biznesowa_adwokat004.jpg","width":1800,"height":1080},{"@type":"BreadcrumbList","@id":"https:\/\/justynabronowska.pl\/fotografia\/sesja-wizerunkowa-dla-adwokata\/#breadcrumb","itemListElement":[{"@type":"ListItem","position":1,"name":"Home","item":"https:\/\/justynabronowska.pl\/fotografia\/"},{"@type":"ListItem","position":2,"name":"Sesja wizerunkowa dla adwokata"}]},{"@type":"WebSite","@id":"https:\/\/justynabronowska.pl\/fotografia\/#website","url":"https:\/\/justynabronowska.pl\/fotografia\/","name":"Justyna Bronowska Fotografia - Fotografia \u015blubna, wizerunkowa, rodzinna Bielsko-Bia\u0142a, \u015al\u0105sk","description":"Justyna Bronowska Fotografia - Fotografia \u015blubna, wizerunkowa, rodzinna Bielsko-Bia\u0142a, \u015al\u0105sk","potentialAction":[{"@type":"SearchAction","target":{"@type":"EntryPoint","urlTemplate":"https:\/\/justynabronowska.pl\/fotografia\/?s={search_term_string}"},"query-input":{"@type":"PropertyValueSpecification","valueRequired":true,"valueName":"search_term_string"}}],"inLanguage":"pl-PL"},{"@type":"Person","@id":"https:\/\/justynabronowska.pl\/fotografia\/#\/schema\/person\/6c4ecde1a4b4fe3519f8ab8ce8d68e30","name":"admin","image":{"@type":"ImageObject","inLanguage":"pl-PL","@id":"https:\/\/secure.gravatar.com\/avatar\/29bf5daac66150479063cb58106501dc39e4fa1129c87d50f2cd7573b0165bb6?s=96&d=mm&r=g","url":"https:\/\/secure.gravatar.com\/avatar\/29bf5daac66150479063cb58106501dc39e4fa1129c87d50f2cd7573b0165bb6?s=96&d=mm&r=g","contentUrl":"https:\/\/secure.gravatar.com\/avatar\/29bf5daac66150479063cb58106501dc39e4fa1129c87d50f2cd7573b0165bb6?s=96&d=mm&r=g","caption":"admin"},"url":"https:\/\/justynabronowska.pl\/fotografia\/author\/admin\/"}]}},"_links":{"self":[{"href":"https:\/\/justynabronowska.pl\/fotografia\/wp-json\/wp\/v2\/posts\/4323","targetHints":{"allow":["GET"]}}],"collection":[{"href":"https:\/\/justynabronowska.pl\/fotografia\/wp-json\/wp\/v2\/posts"}],"about":[{"href":"https:\/\/justynabronowska.pl\/fotografia\/wp-json\/wp\/v2\/types\/post"}],"author":[{"embeddable":true,"href":"https:\/\/justynabronowska.pl\/fotografia\/wp-json\/wp\/v2\/users\/1"}],"replies":[{"embeddable":true,"href":"https:\/\/justynabronowska.pl\/fotografia\/wp-json\/wp\/v2\/comments?post=4323"}],"version-history":[{"count":2,"href":"https:\/\/justynabronowska.pl\/fotografia\/wp-json\/wp\/v2\/posts\/4323\/revisions"}],"predecessor-version":[{"id":4348,"href":"https:\/\/justynabronowska.pl\/fotografia\/wp-json\/wp\/v2\/posts\/4323\/revisions\/4348"}],"wp:featuredmedia":[{"embeddable":true,"href":"https:\/\/justynabronowska.pl\/fotografia\/wp-json\/wp\/v2\/media\/4349"}],"wp:attachment":[{"href":"https:\/\/justynabronowska.pl\/fotografia\/wp-json\/wp\/v2\/media?parent=4323"}],"wp:term":[{"taxonomy":"category","embeddable":true,"href":"https:\/\/justynabronowska.pl\/fotografia\/wp-json\/wp\/v2\/categories?post=4323"},{"taxonomy":"post_tag","embeddable":true,"href":"https:\/\/justynabronowska.pl\/fotografia\/wp-json\/wp\/v2\/tags?post=4323"}],"curies":[{"name":"wp","href":"https:\/\/api.w.org\/{rel}","templated":true}]}}