{"id":4381,"date":"2024-12-21T13:21:00","date_gmt":"2024-12-21T11:21:00","guid":{"rendered":"https:\/\/justynabronowska.pl\/fotografia\/?p=4381"},"modified":"2026-03-12T22:01:56","modified_gmt":"2026-03-12T20:01:56","slug":"reportaz-firmowy","status":"publish","type":"post","link":"https:\/\/justynabronowska.pl\/fotografia\/reportaz-firmowy\/","title":{"rendered":"Reporta\u017c z warsztat\u00f3w"},"content":{"rendered":"\n<p>To by\u0142o pi\u0119kne, klimatyczne wydarzenie. Warsztaty i pierwsze urodziny marki mindful movement.  Cztery filary kobiecego dobrostanu z  ruchem, cz\u0119\u015bci\u0105 tw\u00f3rcz\u0105 z ceramik\u0105 , wyk\u0142adem i jog\u0105 Przepi\u0119kna przestrze\u0144 K6 w Czechowicach, pyszne jedzenie, listopadowe s\u0142o\u0144ce, kobieca energia i atmosfera relaksu.  Wsp\u00f3\u0142tw\u00f3rczynie tego wydarzenia to <\/p>\n\n\n\n<p>Mariola Midful movement, Justyna Kozio\u0142a Ceramic , Ania  Yoga Flow i Gosia &#8211; dr Ma\u0142gorzata Jachacz \u0141opata <\/p>\n\n\n\n<p>Bardzo lubie fotografowa\u0107 wydarzenia wsp\u00f3\u0142graj\u0105ce ze mn\u0105. Obj\u0105\u0107 szeroki kontekst i detale, relacje mi\u0119dzy lud\u017ami i przedmiotami, pokaza\u0107 temat, klimat, a przy tym nie przeszkadza\u0107, nie kr\u0119powa\u0107 uczestniczek i subtelnie zapisywa\u0107 klatki.<\/p>\n\n\n\n<figure class=\"wp-block-gallery has-nested-images columns-2 is-cropped wp-block-gallery-1 is-layout-flex wp-block-gallery-is-layout-flex\">\n<figure class=\"wp-block-image size-large\"><img loading=\"lazy\" decoding=\"async\" width=\"1000\" height=\"1500\" data-id=\"4427\" src=\"https:\/\/justynabronowska.pl\/fotografia\/wp-content\/uploads\/sites\/3\/2025\/11\/fotografia-eventowa-bielsko-warsztaty-mindful001-1000x1500.jpg\" alt=\"\" class=\"wp-image-4427\" srcset=\"https:\/\/justynabronowska.pl\/fotografia\/wp-content\/uploads\/sites\/3\/2025\/11\/fotografia-eventowa-bielsko-warsztaty-mindful001-1000x1500.jpg 1000w, https:\/\/justynabronowska.pl\/fotografia\/wp-content\/uploads\/sites\/3\/2025\/11\/fotografia-eventowa-bielsko-warsztaty-mindful001-683x1024.jpg 683w, https:\/\/justynabronowska.pl\/fotografia\/wp-content\/uploads\/sites\/3\/2025\/11\/fotografia-eventowa-bielsko-warsztaty-mindful001-768x1152.jpg 768w, https:\/\/justynabronowska.pl\/fotografia\/wp-content\/uploads\/sites\/3\/2025\/11\/fotografia-eventowa-bielsko-warsztaty-mindful001-1024x1536.jpg 1024w, https:\/\/justynabronowska.pl\/fotografia\/wp-content\/uploads\/sites\/3\/2025\/11\/fotografia-eventowa-bielsko-warsztaty-mindful001.jpg 1080w\" sizes=\"auto, (max-width: 1000px) 100vw, 1000px\" \/><\/figure>\n\n\n\n<figure class=\"wp-block-image size-large\"><img loading=\"lazy\" decoding=\"async\" width=\"1620\" height=\"1080\" data-id=\"4411\" src=\"https:\/\/justynabronowska.pl\/fotografia\/wp-content\/uploads\/sites\/3\/2025\/11\/fotografia-eventowa-bielsko-warsztaty-mindful003.jpg\" alt=\"\" class=\"wp-image-4411\" srcset=\"https:\/\/justynabronowska.pl\/fotografia\/wp-content\/uploads\/sites\/3\/2025\/11\/fotografia-eventowa-bielsko-warsztaty-mindful003.jpg 1620w, https:\/\/justynabronowska.pl\/fotografia\/wp-content\/uploads\/sites\/3\/2025\/11\/fotografia-eventowa-bielsko-warsztaty-mindful003-1024x683.jpg 1024w, https:\/\/justynabronowska.pl\/fotografia\/wp-content\/uploads\/sites\/3\/2025\/11\/fotografia-eventowa-bielsko-warsztaty-mindful003-768x512.jpg 768w, https:\/\/justynabronowska.pl\/fotografia\/wp-content\/uploads\/sites\/3\/2025\/11\/fotografia-eventowa-bielsko-warsztaty-mindful003-1536x1024.jpg 1536w\" sizes=\"auto, (max-width: 1620px) 100vw, 1620px\" \/><\/figure>\n\n\n\n<figure class=\"wp-block-image size-large\"><img loading=\"lazy\" decoding=\"async\" width=\"1620\" height=\"1080\" data-id=\"4424\" src=\"https:\/\/justynabronowska.pl\/fotografia\/wp-content\/uploads\/sites\/3\/2025\/11\/fotografia-eventowa-bielsko-warsztaty-mindful007.jpg\" alt=\"\" class=\"wp-image-4424\" srcset=\"https:\/\/justynabronowska.pl\/fotografia\/wp-content\/uploads\/sites\/3\/2025\/11\/fotografia-eventowa-bielsko-warsztaty-mindful007.jpg 1620w, https:\/\/justynabronowska.pl\/fotografia\/wp-content\/uploads\/sites\/3\/2025\/11\/fotografia-eventowa-bielsko-warsztaty-mindful007-1024x683.jpg 1024w, https:\/\/justynabronowska.pl\/fotografia\/wp-content\/uploads\/sites\/3\/2025\/11\/fotografia-eventowa-bielsko-warsztaty-mindful007-768x512.jpg 768w, https:\/\/justynabronowska.pl\/fotografia\/wp-content\/uploads\/sites\/3\/2025\/11\/fotografia-eventowa-bielsko-warsztaty-mindful007-1536x1024.jpg 1536w\" sizes=\"auto, (max-width: 1620px) 100vw, 1620px\" \/><\/figure>\n\n\n\n<figure class=\"wp-block-image size-large\"><img loading=\"lazy\" decoding=\"async\" width=\"1620\" height=\"1080\" data-id=\"4426\" src=\"https:\/\/justynabronowska.pl\/fotografia\/wp-content\/uploads\/sites\/3\/2025\/11\/fotografia-eventowa-bielsko-warsztaty-mindful002.jpg\" alt=\"\" class=\"wp-image-4426\" srcset=\"https:\/\/justynabronowska.pl\/fotografia\/wp-content\/uploads\/sites\/3\/2025\/11\/fotografia-eventowa-bielsko-warsztaty-mindful002.jpg 1620w, https:\/\/justynabronowska.pl\/fotografia\/wp-content\/uploads\/sites\/3\/2025\/11\/fotografia-eventowa-bielsko-warsztaty-mindful002-1024x683.jpg 1024w, https:\/\/justynabronowska.pl\/fotografia\/wp-content\/uploads\/sites\/3\/2025\/11\/fotografia-eventowa-bielsko-warsztaty-mindful002-768x512.jpg 768w, https:\/\/justynabronowska.pl\/fotografia\/wp-content\/uploads\/sites\/3\/2025\/11\/fotografia-eventowa-bielsko-warsztaty-mindful002-1536x1024.jpg 1536w\" sizes=\"auto, (max-width: 1620px) 100vw, 1620px\" \/><\/figure>\n\n\n\n<figure class=\"wp-block-image size-large\"><img loading=\"lazy\" decoding=\"async\" width=\"1620\" height=\"1080\" data-id=\"4388\" src=\"https:\/\/justynabronowska.pl\/fotografia\/wp-content\/uploads\/sites\/3\/2025\/11\/fotografia-eventowa-bielsko-warsztaty-mindful009.jpg\" alt=\"\" class=\"wp-image-4388\" srcset=\"https:\/\/justynabronowska.pl\/fotografia\/wp-content\/uploads\/sites\/3\/2025\/11\/fotografia-eventowa-bielsko-warsztaty-mindful009.jpg 1620w, https:\/\/justynabronowska.pl\/fotografia\/wp-content\/uploads\/sites\/3\/2025\/11\/fotografia-eventowa-bielsko-warsztaty-mindful009-1024x683.jpg 1024w, https:\/\/justynabronowska.pl\/fotografia\/wp-content\/uploads\/sites\/3\/2025\/11\/fotografia-eventowa-bielsko-warsztaty-mindful009-768x512.jpg 768w, https:\/\/justynabronowska.pl\/fotografia\/wp-content\/uploads\/sites\/3\/2025\/11\/fotografia-eventowa-bielsko-warsztaty-mindful009-1536x1024.jpg 1536w\" sizes=\"auto, (max-width: 1620px) 100vw, 1620px\" \/><\/figure>\n\n\n\n<figure class=\"wp-block-image size-large\"><img loading=\"lazy\" decoding=\"async\" width=\"1000\" height=\"1500\" data-id=\"4401\" src=\"https:\/\/justynabronowska.pl\/fotografia\/wp-content\/uploads\/sites\/3\/2025\/11\/fotografia-eventowa-bielsko-warsztaty-mindful021-1000x1500.jpg\" alt=\"\" class=\"wp-image-4401\" srcset=\"https:\/\/justynabronowska.pl\/fotografia\/wp-content\/uploads\/sites\/3\/2025\/11\/fotografia-eventowa-bielsko-warsztaty-mindful021-1000x1500.jpg 1000w, https:\/\/justynabronowska.pl\/fotografia\/wp-content\/uploads\/sites\/3\/2025\/11\/fotografia-eventowa-bielsko-warsztaty-mindful021-683x1024.jpg 683w, https:\/\/justynabronowska.pl\/fotografia\/wp-content\/uploads\/sites\/3\/2025\/11\/fotografia-eventowa-bielsko-warsztaty-mindful021-768x1152.jpg 768w, https:\/\/justynabronowska.pl\/fotografia\/wp-content\/uploads\/sites\/3\/2025\/11\/fotografia-eventowa-bielsko-warsztaty-mindful021-1024x1536.jpg 1024w, https:\/\/justynabronowska.pl\/fotografia\/wp-content\/uploads\/sites\/3\/2025\/11\/fotografia-eventowa-bielsko-warsztaty-mindful021.jpg 1080w\" sizes=\"auto, (max-width: 1000px) 100vw, 1000px\" \/><\/figure>\n\n\n\n<figure class=\"wp-block-image size-large\"><img loading=\"lazy\" decoding=\"async\" width=\"1000\" height=\"1500\" data-id=\"4414\" src=\"https:\/\/justynabronowska.pl\/fotografia\/wp-content\/uploads\/sites\/3\/2025\/11\/fotografia-eventowa-bielsko-warsztaty-mindful019-1000x1500.jpg\" alt=\"\" class=\"wp-image-4414\" srcset=\"https:\/\/justynabronowska.pl\/fotografia\/wp-content\/uploads\/sites\/3\/2025\/11\/fotografia-eventowa-bielsko-warsztaty-mindful019-1000x1500.jpg 1000w, https:\/\/justynabronowska.pl\/fotografia\/wp-content\/uploads\/sites\/3\/2025\/11\/fotografia-eventowa-bielsko-warsztaty-mindful019-683x1024.jpg 683w, https:\/\/justynabronowska.pl\/fotografia\/wp-content\/uploads\/sites\/3\/2025\/11\/fotografia-eventowa-bielsko-warsztaty-mindful019-768x1152.jpg 768w, https:\/\/justynabronowska.pl\/fotografia\/wp-content\/uploads\/sites\/3\/2025\/11\/fotografia-eventowa-bielsko-warsztaty-mindful019-1024x1536.jpg 1024w, https:\/\/justynabronowska.pl\/fotografia\/wp-content\/uploads\/sites\/3\/2025\/11\/fotografia-eventowa-bielsko-warsztaty-mindful019.jpg 1080w\" sizes=\"auto, (max-width: 1000px) 100vw, 1000px\" \/><\/figure>\n\n\n\n<figure class=\"wp-block-image size-large\"><img loading=\"lazy\" decoding=\"async\" width=\"1000\" height=\"1500\" data-id=\"4391\" src=\"https:\/\/justynabronowska.pl\/fotografia\/wp-content\/uploads\/sites\/3\/2025\/11\/fotografia-eventowa-bielsko-warsztaty-mindful087-1000x1500.jpg\" alt=\"\" class=\"wp-image-4391\" srcset=\"https:\/\/justynabronowska.pl\/fotografia\/wp-content\/uploads\/sites\/3\/2025\/11\/fotografia-eventowa-bielsko-warsztaty-mindful087-1000x1500.jpg 1000w, https:\/\/justynabronowska.pl\/fotografia\/wp-content\/uploads\/sites\/3\/2025\/11\/fotografia-eventowa-bielsko-warsztaty-mindful087-683x1024.jpg 683w, https:\/\/justynabronowska.pl\/fotografia\/wp-content\/uploads\/sites\/3\/2025\/11\/fotografia-eventowa-bielsko-warsztaty-mindful087-768x1152.jpg 768w, https:\/\/justynabronowska.pl\/fotografia\/wp-content\/uploads\/sites\/3\/2025\/11\/fotografia-eventowa-bielsko-warsztaty-mindful087-1024x1536.jpg 1024w, https:\/\/justynabronowska.pl\/fotografia\/wp-content\/uploads\/sites\/3\/2025\/11\/fotografia-eventowa-bielsko-warsztaty-mindful087.jpg 1080w\" sizes=\"auto, (max-width: 1000px) 100vw, 1000px\" \/><\/figure>\n\n\n\n<figure class=\"wp-block-image size-large\"><img loading=\"lazy\" decoding=\"async\" width=\"1620\" height=\"1080\" data-id=\"4410\" src=\"https:\/\/justynabronowska.pl\/fotografia\/wp-content\/uploads\/sites\/3\/2025\/11\/fotografia-eventowa-bielsko-warsztaty-mindful022.jpg\" alt=\"\" class=\"wp-image-4410\" srcset=\"https:\/\/justynabronowska.pl\/fotografia\/wp-content\/uploads\/sites\/3\/2025\/11\/fotografia-eventowa-bielsko-warsztaty-mindful022.jpg 1620w, https:\/\/justynabronowska.pl\/fotografia\/wp-content\/uploads\/sites\/3\/2025\/11\/fotografia-eventowa-bielsko-warsztaty-mindful022-1024x683.jpg 1024w, https:\/\/justynabronowska.pl\/fotografia\/wp-content\/uploads\/sites\/3\/2025\/11\/fotografia-eventowa-bielsko-warsztaty-mindful022-768x512.jpg 768w, https:\/\/justynabronowska.pl\/fotografia\/wp-content\/uploads\/sites\/3\/2025\/11\/fotografia-eventowa-bielsko-warsztaty-mindful022-1536x1024.jpg 1536w\" sizes=\"auto, (max-width: 1620px) 100vw, 1620px\" \/><\/figure>\n\n\n\n<figure class=\"wp-block-image size-large\"><img loading=\"lazy\" decoding=\"async\" width=\"1620\" height=\"1080\" data-id=\"4383\" src=\"https:\/\/justynabronowska.pl\/fotografia\/wp-content\/uploads\/sites\/3\/2025\/11\/fotografia-eventowa-bielsko-warsztaty-mindful026.jpg\" alt=\"\" class=\"wp-image-4383\" srcset=\"https:\/\/justynabronowska.pl\/fotografia\/wp-content\/uploads\/sites\/3\/2025\/11\/fotografia-eventowa-bielsko-warsztaty-mindful026.jpg 1620w, https:\/\/justynabronowska.pl\/fotografia\/wp-content\/uploads\/sites\/3\/2025\/11\/fotografia-eventowa-bielsko-warsztaty-mindful026-1024x683.jpg 1024w, https:\/\/justynabronowska.pl\/fotografia\/wp-content\/uploads\/sites\/3\/2025\/11\/fotografia-eventowa-bielsko-warsztaty-mindful026-768x512.jpg 768w, https:\/\/justynabronowska.pl\/fotografia\/wp-content\/uploads\/sites\/3\/2025\/11\/fotografia-eventowa-bielsko-warsztaty-mindful026-1536x1024.jpg 1536w\" sizes=\"auto, (max-width: 1620px) 100vw, 1620px\" \/><\/figure>\n\n\n\n<figure class=\"wp-block-image size-large\"><img loading=\"lazy\" decoding=\"async\" width=\"1620\" height=\"1080\" data-id=\"4406\" src=\"https:\/\/justynabronowska.pl\/fotografia\/wp-content\/uploads\/sites\/3\/2025\/11\/fotografia-eventowa-bielsko-warsztaty-mindful033.jpg\" alt=\"\" class=\"wp-image-4406\" srcset=\"https:\/\/justynabronowska.pl\/fotografia\/wp-content\/uploads\/sites\/3\/2025\/11\/fotografia-eventowa-bielsko-warsztaty-mindful033.jpg 1620w, https:\/\/justynabronowska.pl\/fotografia\/wp-content\/uploads\/sites\/3\/2025\/11\/fotografia-eventowa-bielsko-warsztaty-mindful033-1024x683.jpg 1024w, https:\/\/justynabronowska.pl\/fotografia\/wp-content\/uploads\/sites\/3\/2025\/11\/fotografia-eventowa-bielsko-warsztaty-mindful033-768x512.jpg 768w, https:\/\/justynabronowska.pl\/fotografia\/wp-content\/uploads\/sites\/3\/2025\/11\/fotografia-eventowa-bielsko-warsztaty-mindful033-1536x1024.jpg 1536w\" sizes=\"auto, (max-width: 1620px) 100vw, 1620px\" \/><\/figure>\n\n\n\n<figure class=\"wp-block-image size-large\"><img loading=\"lazy\" decoding=\"async\" width=\"1620\" height=\"1080\" data-id=\"4390\" src=\"https:\/\/justynabronowska.pl\/fotografia\/wp-content\/uploads\/sites\/3\/2025\/11\/fotografia-eventowa-bielsko-warsztaty-mindful038.jpg\" alt=\"\" class=\"wp-image-4390\" srcset=\"https:\/\/justynabronowska.pl\/fotografia\/wp-content\/uploads\/sites\/3\/2025\/11\/fotografia-eventowa-bielsko-warsztaty-mindful038.jpg 1620w, https:\/\/justynabronowska.pl\/fotografia\/wp-content\/uploads\/sites\/3\/2025\/11\/fotografia-eventowa-bielsko-warsztaty-mindful038-1024x683.jpg 1024w, https:\/\/justynabronowska.pl\/fotografia\/wp-content\/uploads\/sites\/3\/2025\/11\/fotografia-eventowa-bielsko-warsztaty-mindful038-768x512.jpg 768w, https:\/\/justynabronowska.pl\/fotografia\/wp-content\/uploads\/sites\/3\/2025\/11\/fotografia-eventowa-bielsko-warsztaty-mindful038-1536x1024.jpg 1536w\" sizes=\"auto, (max-width: 1620px) 100vw, 1620px\" \/><\/figure>\n\n\n\n<figure class=\"wp-block-image size-large\"><img loading=\"lazy\" decoding=\"async\" width=\"1620\" height=\"1080\" data-id=\"4408\" src=\"https:\/\/justynabronowska.pl\/fotografia\/wp-content\/uploads\/sites\/3\/2025\/11\/fotografia-eventowa-bielsko-warsztaty-mindful039.jpg\" alt=\"\" class=\"wp-image-4408\" srcset=\"https:\/\/justynabronowska.pl\/fotografia\/wp-content\/uploads\/sites\/3\/2025\/11\/fotografia-eventowa-bielsko-warsztaty-mindful039.jpg 1620w, https:\/\/justynabronowska.pl\/fotografia\/wp-content\/uploads\/sites\/3\/2025\/11\/fotografia-eventowa-bielsko-warsztaty-mindful039-1024x683.jpg 1024w, https:\/\/justynabronowska.pl\/fotografia\/wp-content\/uploads\/sites\/3\/2025\/11\/fotografia-eventowa-bielsko-warsztaty-mindful039-768x512.jpg 768w, https:\/\/justynabronowska.pl\/fotografia\/wp-content\/uploads\/sites\/3\/2025\/11\/fotografia-eventowa-bielsko-warsztaty-mindful039-1536x1024.jpg 1536w\" sizes=\"auto, (max-width: 1620px) 100vw, 1620px\" \/><\/figure>\n\n\n\n<figure class=\"wp-block-image size-large\"><img loading=\"lazy\" decoding=\"async\" width=\"1620\" height=\"1080\" data-id=\"4396\" src=\"https:\/\/justynabronowska.pl\/fotografia\/wp-content\/uploads\/sites\/3\/2025\/11\/fotografia-eventowa-bielsko-warsztaty-mindful047.jpg\" alt=\"\" class=\"wp-image-4396\" srcset=\"https:\/\/justynabronowska.pl\/fotografia\/wp-content\/uploads\/sites\/3\/2025\/11\/fotografia-eventowa-bielsko-warsztaty-mindful047.jpg 1620w, https:\/\/justynabronowska.pl\/fotografia\/wp-content\/uploads\/sites\/3\/2025\/11\/fotografia-eventowa-bielsko-warsztaty-mindful047-1024x683.jpg 1024w, https:\/\/justynabronowska.pl\/fotografia\/wp-content\/uploads\/sites\/3\/2025\/11\/fotografia-eventowa-bielsko-warsztaty-mindful047-768x512.jpg 768w, https:\/\/justynabronowska.pl\/fotografia\/wp-content\/uploads\/sites\/3\/2025\/11\/fotografia-eventowa-bielsko-warsztaty-mindful047-1536x1024.jpg 1536w\" sizes=\"auto, (max-width: 1620px) 100vw, 1620px\" \/><\/figure>\n\n\n\n<figure class=\"wp-block-image size-large\"><img loading=\"lazy\" decoding=\"async\" width=\"1620\" height=\"1080\" data-id=\"4417\" src=\"https:\/\/justynabronowska.pl\/fotografia\/wp-content\/uploads\/sites\/3\/2025\/11\/fotografia-eventowa-bielsko-warsztaty-mindful066.jpg\" alt=\"\" class=\"wp-image-4417\" srcset=\"https:\/\/justynabronowska.pl\/fotografia\/wp-content\/uploads\/sites\/3\/2025\/11\/fotografia-eventowa-bielsko-warsztaty-mindful066.jpg 1620w, https:\/\/justynabronowska.pl\/fotografia\/wp-content\/uploads\/sites\/3\/2025\/11\/fotografia-eventowa-bielsko-warsztaty-mindful066-1024x683.jpg 1024w, https:\/\/justynabronowska.pl\/fotografia\/wp-content\/uploads\/sites\/3\/2025\/11\/fotografia-eventowa-bielsko-warsztaty-mindful066-768x512.jpg 768w, https:\/\/justynabronowska.pl\/fotografia\/wp-content\/uploads\/sites\/3\/2025\/11\/fotografia-eventowa-bielsko-warsztaty-mindful066-1536x1024.jpg 1536w\" sizes=\"auto, (max-width: 1620px) 100vw, 1620px\" \/><\/figure>\n\n\n\n<figure class=\"wp-block-image size-large\"><img loading=\"lazy\" decoding=\"async\" width=\"1620\" height=\"1080\" data-id=\"4386\" src=\"https:\/\/justynabronowska.pl\/fotografia\/wp-content\/uploads\/sites\/3\/2025\/11\/fotografia-eventowa-bielsko-warsztaty-mindful080.jpg\" alt=\"\" class=\"wp-image-4386\" srcset=\"https:\/\/justynabronowska.pl\/fotografia\/wp-content\/uploads\/sites\/3\/2025\/11\/fotografia-eventowa-bielsko-warsztaty-mindful080.jpg 1620w, https:\/\/justynabronowska.pl\/fotografia\/wp-content\/uploads\/sites\/3\/2025\/11\/fotografia-eventowa-bielsko-warsztaty-mindful080-1024x683.jpg 1024w, https:\/\/justynabronowska.pl\/fotografia\/wp-content\/uploads\/sites\/3\/2025\/11\/fotografia-eventowa-bielsko-warsztaty-mindful080-768x512.jpg 768w, https:\/\/justynabronowska.pl\/fotografia\/wp-content\/uploads\/sites\/3\/2025\/11\/fotografia-eventowa-bielsko-warsztaty-mindful080-1536x1024.jpg 1536w\" sizes=\"auto, (max-width: 1620px) 100vw, 1620px\" \/><\/figure>\n\n\n\n<figure class=\"wp-block-image size-large\"><img loading=\"lazy\" decoding=\"async\" width=\"1620\" height=\"1080\" data-id=\"4382\" src=\"https:\/\/justynabronowska.pl\/fotografia\/wp-content\/uploads\/sites\/3\/2025\/11\/fotografia-eventowa-bielsko-warsztaty-mindful088.jpg\" alt=\"\" class=\"wp-image-4382\" srcset=\"https:\/\/justynabronowska.pl\/fotografia\/wp-content\/uploads\/sites\/3\/2025\/11\/fotografia-eventowa-bielsko-warsztaty-mindful088.jpg 1620w, https:\/\/justynabronowska.pl\/fotografia\/wp-content\/uploads\/sites\/3\/2025\/11\/fotografia-eventowa-bielsko-warsztaty-mindful088-1024x683.jpg 1024w, https:\/\/justynabronowska.pl\/fotografia\/wp-content\/uploads\/sites\/3\/2025\/11\/fotografia-eventowa-bielsko-warsztaty-mindful088-768x512.jpg 768w, https:\/\/justynabronowska.pl\/fotografia\/wp-content\/uploads\/sites\/3\/2025\/11\/fotografia-eventowa-bielsko-warsztaty-mindful088-1536x1024.jpg 1536w\" sizes=\"auto, (max-width: 1620px) 100vw, 1620px\" \/><\/figure>\n\n\n\n<figure class=\"wp-block-image size-large\"><img loading=\"lazy\" decoding=\"async\" width=\"1620\" height=\"1080\" data-id=\"4404\" src=\"https:\/\/justynabronowska.pl\/fotografia\/wp-content\/uploads\/sites\/3\/2025\/11\/fotografia-eventowa-bielsko-warsztaty-mindful090.jpg\" alt=\"\" class=\"wp-image-4404\" srcset=\"https:\/\/justynabronowska.pl\/fotografia\/wp-content\/uploads\/sites\/3\/2025\/11\/fotografia-eventowa-bielsko-warsztaty-mindful090.jpg 1620w, https:\/\/justynabronowska.pl\/fotografia\/wp-content\/uploads\/sites\/3\/2025\/11\/fotografia-eventowa-bielsko-warsztaty-mindful090-1024x683.jpg 1024w, https:\/\/justynabronowska.pl\/fotografia\/wp-content\/uploads\/sites\/3\/2025\/11\/fotografia-eventowa-bielsko-warsztaty-mindful090-768x512.jpg 768w, https:\/\/justynabronowska.pl\/fotografia\/wp-content\/uploads\/sites\/3\/2025\/11\/fotografia-eventowa-bielsko-warsztaty-mindful090-1536x1024.jpg 1536w\" sizes=\"auto, (max-width: 1620px) 100vw, 1620px\" \/><\/figure>\n\n\n\n<figure class=\"wp-block-image size-large\"><img loading=\"lazy\" decoding=\"async\" width=\"1620\" height=\"1080\" data-id=\"4416\" src=\"https:\/\/justynabronowska.pl\/fotografia\/wp-content\/uploads\/sites\/3\/2025\/11\/fotografia-eventowa-bielsko-warsztaty-mindful091.jpg\" alt=\"\" class=\"wp-image-4416\" srcset=\"https:\/\/justynabronowska.pl\/fotografia\/wp-content\/uploads\/sites\/3\/2025\/11\/fotografia-eventowa-bielsko-warsztaty-mindful091.jpg 1620w, https:\/\/justynabronowska.pl\/fotografia\/wp-content\/uploads\/sites\/3\/2025\/11\/fotografia-eventowa-bielsko-warsztaty-mindful091-1024x683.jpg 1024w, https:\/\/justynabronowska.pl\/fotografia\/wp-content\/uploads\/sites\/3\/2025\/11\/fotografia-eventowa-bielsko-warsztaty-mindful091-768x512.jpg 768w, https:\/\/justynabronowska.pl\/fotografia\/wp-content\/uploads\/sites\/3\/2025\/11\/fotografia-eventowa-bielsko-warsztaty-mindful091-1536x1024.jpg 1536w\" sizes=\"auto, (max-width: 1620px) 100vw, 1620px\" \/><\/figure>\n\n\n\n<figure class=\"wp-block-image size-large\"><img loading=\"lazy\" decoding=\"async\" width=\"1000\" height=\"1500\" data-id=\"4420\" src=\"https:\/\/justynabronowska.pl\/fotografia\/wp-content\/uploads\/sites\/3\/2025\/11\/fotografia-eventowa-bielsko-warsztaty-mindful094-1000x1500.jpg\" alt=\"\" class=\"wp-image-4420\" srcset=\"https:\/\/justynabronowska.pl\/fotografia\/wp-content\/uploads\/sites\/3\/2025\/11\/fotografia-eventowa-bielsko-warsztaty-mindful094-1000x1500.jpg 1000w, https:\/\/justynabronowska.pl\/fotografia\/wp-content\/uploads\/sites\/3\/2025\/11\/fotografia-eventowa-bielsko-warsztaty-mindful094-683x1024.jpg 683w, https:\/\/justynabronowska.pl\/fotografia\/wp-content\/uploads\/sites\/3\/2025\/11\/fotografia-eventowa-bielsko-warsztaty-mindful094-768x1152.jpg 768w, https:\/\/justynabronowska.pl\/fotografia\/wp-content\/uploads\/sites\/3\/2025\/11\/fotografia-eventowa-bielsko-warsztaty-mindful094-1024x1536.jpg 1024w, https:\/\/justynabronowska.pl\/fotografia\/wp-content\/uploads\/sites\/3\/2025\/11\/fotografia-eventowa-bielsko-warsztaty-mindful094.jpg 1080w\" sizes=\"auto, (max-width: 1000px) 100vw, 1000px\" \/><\/figure>\n\n\n\n<figure class=\"wp-block-image size-large\"><img loading=\"lazy\" decoding=\"async\" width=\"1000\" height=\"1500\" data-id=\"4403\" src=\"https:\/\/justynabronowska.pl\/fotografia\/wp-content\/uploads\/sites\/3\/2025\/11\/fotografia-eventowa-bielsko-warsztaty-mindful099-1000x1500.jpg\" alt=\"\" class=\"wp-image-4403\" srcset=\"https:\/\/justynabronowska.pl\/fotografia\/wp-content\/uploads\/sites\/3\/2025\/11\/fotografia-eventowa-bielsko-warsztaty-mindful099-1000x1500.jpg 1000w, https:\/\/justynabronowska.pl\/fotografia\/wp-content\/uploads\/sites\/3\/2025\/11\/fotografia-eventowa-bielsko-warsztaty-mindful099-683x1024.jpg 683w, https:\/\/justynabronowska.pl\/fotografia\/wp-content\/uploads\/sites\/3\/2025\/11\/fotografia-eventowa-bielsko-warsztaty-mindful099-768x1152.jpg 768w, https:\/\/justynabronowska.pl\/fotografia\/wp-content\/uploads\/sites\/3\/2025\/11\/fotografia-eventowa-bielsko-warsztaty-mindful099-1024x1536.jpg 1024w, https:\/\/justynabronowska.pl\/fotografia\/wp-content\/uploads\/sites\/3\/2025\/11\/fotografia-eventowa-bielsko-warsztaty-mindful099.jpg 1080w\" sizes=\"auto, (max-width: 1000px) 100vw, 1000px\" \/><\/figure>\n\n\n\n<figure class=\"wp-block-image size-large\"><img loading=\"lazy\" decoding=\"async\" width=\"1620\" height=\"1080\" data-id=\"4409\" src=\"https:\/\/justynabronowska.pl\/fotografia\/wp-content\/uploads\/sites\/3\/2025\/11\/fotografia-eventowa-bielsko-warsztaty-mindful105.jpg\" alt=\"\" class=\"wp-image-4409\" srcset=\"https:\/\/justynabronowska.pl\/fotografia\/wp-content\/uploads\/sites\/3\/2025\/11\/fotografia-eventowa-bielsko-warsztaty-mindful105.jpg 1620w, https:\/\/justynabronowska.pl\/fotografia\/wp-content\/uploads\/sites\/3\/2025\/11\/fotografia-eventowa-bielsko-warsztaty-mindful105-1024x683.jpg 1024w, https:\/\/justynabronowska.pl\/fotografia\/wp-content\/uploads\/sites\/3\/2025\/11\/fotografia-eventowa-bielsko-warsztaty-mindful105-768x512.jpg 768w, https:\/\/justynabronowska.pl\/fotografia\/wp-content\/uploads\/sites\/3\/2025\/11\/fotografia-eventowa-bielsko-warsztaty-mindful105-1536x1024.jpg 1536w\" sizes=\"auto, (max-width: 1620px) 100vw, 1620px\" \/><\/figure>\n\n\n\n<figure class=\"wp-block-image size-large\"><img loading=\"lazy\" decoding=\"async\" width=\"1620\" height=\"1080\" data-id=\"4387\" src=\"https:\/\/justynabronowska.pl\/fotografia\/wp-content\/uploads\/sites\/3\/2025\/11\/fotografia-eventowa-bielsko-warsztaty-mindful109.jpg\" alt=\"\" class=\"wp-image-4387\" srcset=\"https:\/\/justynabronowska.pl\/fotografia\/wp-content\/uploads\/sites\/3\/2025\/11\/fotografia-eventowa-bielsko-warsztaty-mindful109.jpg 1620w, https:\/\/justynabronowska.pl\/fotografia\/wp-content\/uploads\/sites\/3\/2025\/11\/fotografia-eventowa-bielsko-warsztaty-mindful109-1024x683.jpg 1024w, https:\/\/justynabronowska.pl\/fotografia\/wp-content\/uploads\/sites\/3\/2025\/11\/fotografia-eventowa-bielsko-warsztaty-mindful109-768x512.jpg 768w, https:\/\/justynabronowska.pl\/fotografia\/wp-content\/uploads\/sites\/3\/2025\/11\/fotografia-eventowa-bielsko-warsztaty-mindful109-1536x1024.jpg 1536w\" sizes=\"auto, (max-width: 1620px) 100vw, 1620px\" \/><\/figure>\n\n\n\n<figure class=\"wp-block-image size-large\"><img loading=\"lazy\" decoding=\"async\" width=\"1620\" height=\"1080\" data-id=\"4402\" src=\"https:\/\/justynabronowska.pl\/fotografia\/wp-content\/uploads\/sites\/3\/2025\/11\/fotografia-eventowa-bielsko-warsztaty-mindful100.jpg\" alt=\"\" class=\"wp-image-4402\" srcset=\"https:\/\/justynabronowska.pl\/fotografia\/wp-content\/uploads\/sites\/3\/2025\/11\/fotografia-eventowa-bielsko-warsztaty-mindful100.jpg 1620w, https:\/\/justynabronowska.pl\/fotografia\/wp-content\/uploads\/sites\/3\/2025\/11\/fotografia-eventowa-bielsko-warsztaty-mindful100-1024x683.jpg 1024w, https:\/\/justynabronowska.pl\/fotografia\/wp-content\/uploads\/sites\/3\/2025\/11\/fotografia-eventowa-bielsko-warsztaty-mindful100-768x512.jpg 768w, https:\/\/justynabronowska.pl\/fotografia\/wp-content\/uploads\/sites\/3\/2025\/11\/fotografia-eventowa-bielsko-warsztaty-mindful100-1536x1024.jpg 1536w\" sizes=\"auto, (max-width: 1620px) 100vw, 1620px\" \/><\/figure>\n\n\n\n<figure class=\"wp-block-image size-large\"><img loading=\"lazy\" decoding=\"async\" width=\"1620\" height=\"1080\" data-id=\"4393\" src=\"https:\/\/justynabronowska.pl\/fotografia\/wp-content\/uploads\/sites\/3\/2025\/11\/fotografia-eventowa-bielsko-warsztaty-mindful101.jpg\" alt=\"\" class=\"wp-image-4393\" srcset=\"https:\/\/justynabronowska.pl\/fotografia\/wp-content\/uploads\/sites\/3\/2025\/11\/fotografia-eventowa-bielsko-warsztaty-mindful101.jpg 1620w, https:\/\/justynabronowska.pl\/fotografia\/wp-content\/uploads\/sites\/3\/2025\/11\/fotografia-eventowa-bielsko-warsztaty-mindful101-1024x683.jpg 1024w, https:\/\/justynabronowska.pl\/fotografia\/wp-content\/uploads\/sites\/3\/2025\/11\/fotografia-eventowa-bielsko-warsztaty-mindful101-768x512.jpg 768w, https:\/\/justynabronowska.pl\/fotografia\/wp-content\/uploads\/sites\/3\/2025\/11\/fotografia-eventowa-bielsko-warsztaty-mindful101-1536x1024.jpg 1536w\" sizes=\"auto, (max-width: 1620px) 100vw, 1620px\" \/><\/figure>\n\n\n\n<figure class=\"wp-block-image size-large\"><img loading=\"lazy\" decoding=\"async\" width=\"1000\" height=\"1500\" data-id=\"4384\" src=\"https:\/\/justynabronowska.pl\/fotografia\/wp-content\/uploads\/sites\/3\/2025\/11\/fotografia-eventowa-bielsko-warsztaty-mindful111-1000x1500.jpg\" alt=\"\" class=\"wp-image-4384\" srcset=\"https:\/\/justynabronowska.pl\/fotografia\/wp-content\/uploads\/sites\/3\/2025\/11\/fotografia-eventowa-bielsko-warsztaty-mindful111-1000x1500.jpg 1000w, https:\/\/justynabronowska.pl\/fotografia\/wp-content\/uploads\/sites\/3\/2025\/11\/fotografia-eventowa-bielsko-warsztaty-mindful111-683x1024.jpg 683w, https:\/\/justynabronowska.pl\/fotografia\/wp-content\/uploads\/sites\/3\/2025\/11\/fotografia-eventowa-bielsko-warsztaty-mindful111-768x1152.jpg 768w, https:\/\/justynabronowska.pl\/fotografia\/wp-content\/uploads\/sites\/3\/2025\/11\/fotografia-eventowa-bielsko-warsztaty-mindful111-1024x1536.jpg 1024w, https:\/\/justynabronowska.pl\/fotografia\/wp-content\/uploads\/sites\/3\/2025\/11\/fotografia-eventowa-bielsko-warsztaty-mindful111.jpg 1080w\" sizes=\"auto, (max-width: 1000px) 100vw, 1000px\" \/><\/figure>\n\n\n\n<figure class=\"wp-block-image size-large\"><img loading=\"lazy\" decoding=\"async\" width=\"1620\" height=\"1080\" data-id=\"4400\" src=\"https:\/\/justynabronowska.pl\/fotografia\/wp-content\/uploads\/sites\/3\/2025\/11\/fotografia-eventowa-bielsko-warsztaty-mindful113.jpg\" alt=\"\" class=\"wp-image-4400\" srcset=\"https:\/\/justynabronowska.pl\/fotografia\/wp-content\/uploads\/sites\/3\/2025\/11\/fotografia-eventowa-bielsko-warsztaty-mindful113.jpg 1620w, https:\/\/justynabronowska.pl\/fotografia\/wp-content\/uploads\/sites\/3\/2025\/11\/fotografia-eventowa-bielsko-warsztaty-mindful113-1024x683.jpg 1024w, https:\/\/justynabronowska.pl\/fotografia\/wp-content\/uploads\/sites\/3\/2025\/11\/fotografia-eventowa-bielsko-warsztaty-mindful113-768x512.jpg 768w, https:\/\/justynabronowska.pl\/fotografia\/wp-content\/uploads\/sites\/3\/2025\/11\/fotografia-eventowa-bielsko-warsztaty-mindful113-1536x1024.jpg 1536w\" sizes=\"auto, (max-width: 1620px) 100vw, 1620px\" \/><\/figure>\n\n\n\n<figure class=\"wp-block-image size-large\"><img loading=\"lazy\" decoding=\"async\" width=\"1620\" height=\"1080\" data-id=\"4415\" src=\"https:\/\/justynabronowska.pl\/fotografia\/wp-content\/uploads\/sites\/3\/2025\/11\/fotografia-eventowa-bielsko-warsztaty-mindful126.jpg\" alt=\"\" class=\"wp-image-4415\" srcset=\"https:\/\/justynabronowska.pl\/fotografia\/wp-content\/uploads\/sites\/3\/2025\/11\/fotografia-eventowa-bielsko-warsztaty-mindful126.jpg 1620w, https:\/\/justynabronowska.pl\/fotografia\/wp-content\/uploads\/sites\/3\/2025\/11\/fotografia-eventowa-bielsko-warsztaty-mindful126-1024x683.jpg 1024w, https:\/\/justynabronowska.pl\/fotografia\/wp-content\/uploads\/sites\/3\/2025\/11\/fotografia-eventowa-bielsko-warsztaty-mindful126-768x512.jpg 768w, https:\/\/justynabronowska.pl\/fotografia\/wp-content\/uploads\/sites\/3\/2025\/11\/fotografia-eventowa-bielsko-warsztaty-mindful126-1536x1024.jpg 1536w\" sizes=\"auto, (max-width: 1620px) 100vw, 1620px\" \/><\/figure>\n\n\n\n<figure class=\"wp-block-image size-large\"><img loading=\"lazy\" decoding=\"async\" width=\"1620\" height=\"1080\" data-id=\"4419\" src=\"https:\/\/justynabronowska.pl\/fotografia\/wp-content\/uploads\/sites\/3\/2025\/11\/fotografia-eventowa-bielsko-warsztaty-mindful117.jpg\" alt=\"\" class=\"wp-image-4419\" srcset=\"https:\/\/justynabronowska.pl\/fotografia\/wp-content\/uploads\/sites\/3\/2025\/11\/fotografia-eventowa-bielsko-warsztaty-mindful117.jpg 1620w, https:\/\/justynabronowska.pl\/fotografia\/wp-content\/uploads\/sites\/3\/2025\/11\/fotografia-eventowa-bielsko-warsztaty-mindful117-1024x683.jpg 1024w, https:\/\/justynabronowska.pl\/fotografia\/wp-content\/uploads\/sites\/3\/2025\/11\/fotografia-eventowa-bielsko-warsztaty-mindful117-768x512.jpg 768w, https:\/\/justynabronowska.pl\/fotografia\/wp-content\/uploads\/sites\/3\/2025\/11\/fotografia-eventowa-bielsko-warsztaty-mindful117-1536x1024.jpg 1536w\" sizes=\"auto, (max-width: 1620px) 100vw, 1620px\" \/><\/figure>\n\n\n\n<figure class=\"wp-block-image size-large\"><img loading=\"lazy\" decoding=\"async\" width=\"1620\" height=\"1080\" data-id=\"4399\" src=\"https:\/\/justynabronowska.pl\/fotografia\/wp-content\/uploads\/sites\/3\/2025\/11\/fotografia-eventowa-bielsko-warsztaty-mindful127.jpg\" alt=\"\" class=\"wp-image-4399\" srcset=\"https:\/\/justynabronowska.pl\/fotografia\/wp-content\/uploads\/sites\/3\/2025\/11\/fotografia-eventowa-bielsko-warsztaty-mindful127.jpg 1620w, https:\/\/justynabronowska.pl\/fotografia\/wp-content\/uploads\/sites\/3\/2025\/11\/fotografia-eventowa-bielsko-warsztaty-mindful127-1024x683.jpg 1024w, https:\/\/justynabronowska.pl\/fotografia\/wp-content\/uploads\/sites\/3\/2025\/11\/fotografia-eventowa-bielsko-warsztaty-mindful127-768x512.jpg 768w, https:\/\/justynabronowska.pl\/fotografia\/wp-content\/uploads\/sites\/3\/2025\/11\/fotografia-eventowa-bielsko-warsztaty-mindful127-1536x1024.jpg 1536w\" sizes=\"auto, (max-width: 1620px) 100vw, 1620px\" \/><\/figure>\n\n\n\n<figure class=\"wp-block-image size-large\"><img loading=\"lazy\" decoding=\"async\" width=\"1620\" height=\"1080\" data-id=\"4389\" src=\"https:\/\/justynabronowska.pl\/fotografia\/wp-content\/uploads\/sites\/3\/2025\/11\/fotografia-eventowa-bielsko-warsztaty-mindful129.jpg\" alt=\"\" class=\"wp-image-4389\" srcset=\"https:\/\/justynabronowska.pl\/fotografia\/wp-content\/uploads\/sites\/3\/2025\/11\/fotografia-eventowa-bielsko-warsztaty-mindful129.jpg 1620w, https:\/\/justynabronowska.pl\/fotografia\/wp-content\/uploads\/sites\/3\/2025\/11\/fotografia-eventowa-bielsko-warsztaty-mindful129-1024x683.jpg 1024w, https:\/\/justynabronowska.pl\/fotografia\/wp-content\/uploads\/sites\/3\/2025\/11\/fotografia-eventowa-bielsko-warsztaty-mindful129-768x512.jpg 768w, https:\/\/justynabronowska.pl\/fotografia\/wp-content\/uploads\/sites\/3\/2025\/11\/fotografia-eventowa-bielsko-warsztaty-mindful129-1536x1024.jpg 1536w\" sizes=\"auto, (max-width: 1620px) 100vw, 1620px\" \/><\/figure>\n\n\n\n<figure class=\"wp-block-image size-large\"><img loading=\"lazy\" decoding=\"async\" width=\"1620\" height=\"1080\" data-id=\"4425\" src=\"https:\/\/justynabronowska.pl\/fotografia\/wp-content\/uploads\/sites\/3\/2025\/11\/fotografia-eventowa-bielsko-warsztaty-mindful130.jpg\" alt=\"\" class=\"wp-image-4425\" srcset=\"https:\/\/justynabronowska.pl\/fotografia\/wp-content\/uploads\/sites\/3\/2025\/11\/fotografia-eventowa-bielsko-warsztaty-mindful130.jpg 1620w, https:\/\/justynabronowska.pl\/fotografia\/wp-content\/uploads\/sites\/3\/2025\/11\/fotografia-eventowa-bielsko-warsztaty-mindful130-1024x683.jpg 1024w, https:\/\/justynabronowska.pl\/fotografia\/wp-content\/uploads\/sites\/3\/2025\/11\/fotografia-eventowa-bielsko-warsztaty-mindful130-768x512.jpg 768w, https:\/\/justynabronowska.pl\/fotografia\/wp-content\/uploads\/sites\/3\/2025\/11\/fotografia-eventowa-bielsko-warsztaty-mindful130-1536x1024.jpg 1536w\" sizes=\"auto, (max-width: 1620px) 100vw, 1620px\" \/><\/figure>\n\n\n\n<figure class=\"wp-block-image size-large\"><img loading=\"lazy\" decoding=\"async\" width=\"1620\" height=\"1080\" data-id=\"4428\" src=\"https:\/\/justynabronowska.pl\/fotografia\/wp-content\/uploads\/sites\/3\/2025\/11\/fotografia-eventowa-bielsko-warsztaty-mindful131.jpg\" alt=\"\" class=\"wp-image-4428\" srcset=\"https:\/\/justynabronowska.pl\/fotografia\/wp-content\/uploads\/sites\/3\/2025\/11\/fotografia-eventowa-bielsko-warsztaty-mindful131.jpg 1620w, https:\/\/justynabronowska.pl\/fotografia\/wp-content\/uploads\/sites\/3\/2025\/11\/fotografia-eventowa-bielsko-warsztaty-mindful131-1024x683.jpg 1024w, https:\/\/justynabronowska.pl\/fotografia\/wp-content\/uploads\/sites\/3\/2025\/11\/fotografia-eventowa-bielsko-warsztaty-mindful131-768x512.jpg 768w, https:\/\/justynabronowska.pl\/fotografia\/wp-content\/uploads\/sites\/3\/2025\/11\/fotografia-eventowa-bielsko-warsztaty-mindful131-1536x1024.jpg 1536w\" sizes=\"auto, (max-width: 1620px) 100vw, 1620px\" \/><\/figure>\n\n\n\n<figure class=\"wp-block-image size-large\"><img loading=\"lazy\" decoding=\"async\" width=\"1000\" height=\"1500\" data-id=\"4422\" src=\"https:\/\/justynabronowska.pl\/fotografia\/wp-content\/uploads\/sites\/3\/2025\/11\/fotografia-eventowa-bielsko-warsztaty-mindful134-1000x1500.jpg\" alt=\"\" class=\"wp-image-4422\" srcset=\"https:\/\/justynabronowska.pl\/fotografia\/wp-content\/uploads\/sites\/3\/2025\/11\/fotografia-eventowa-bielsko-warsztaty-mindful134-1000x1500.jpg 1000w, https:\/\/justynabronowska.pl\/fotografia\/wp-content\/uploads\/sites\/3\/2025\/11\/fotografia-eventowa-bielsko-warsztaty-mindful134-683x1024.jpg 683w, https:\/\/justynabronowska.pl\/fotografia\/wp-content\/uploads\/sites\/3\/2025\/11\/fotografia-eventowa-bielsko-warsztaty-mindful134-768x1152.jpg 768w, https:\/\/justynabronowska.pl\/fotografia\/wp-content\/uploads\/sites\/3\/2025\/11\/fotografia-eventowa-bielsko-warsztaty-mindful134-1024x1536.jpg 1024w, https:\/\/justynabronowska.pl\/fotografia\/wp-content\/uploads\/sites\/3\/2025\/11\/fotografia-eventowa-bielsko-warsztaty-mindful134.jpg 1080w\" sizes=\"auto, (max-width: 1000px) 100vw, 1000px\" \/><\/figure>\n\n\n\n<figure class=\"wp-block-image size-large\"><img loading=\"lazy\" decoding=\"async\" width=\"1620\" height=\"1080\" data-id=\"4412\" src=\"https:\/\/justynabronowska.pl\/fotografia\/wp-content\/uploads\/sites\/3\/2025\/11\/fotografia-eventowa-bielsko-warsztaty-mindful136.jpg\" alt=\"\" class=\"wp-image-4412\" srcset=\"https:\/\/justynabronowska.pl\/fotografia\/wp-content\/uploads\/sites\/3\/2025\/11\/fotografia-eventowa-bielsko-warsztaty-mindful136.jpg 1620w, https:\/\/justynabronowska.pl\/fotografia\/wp-content\/uploads\/sites\/3\/2025\/11\/fotografia-eventowa-bielsko-warsztaty-mindful136-1024x683.jpg 1024w, https:\/\/justynabronowska.pl\/fotografia\/wp-content\/uploads\/sites\/3\/2025\/11\/fotografia-eventowa-bielsko-warsztaty-mindful136-768x512.jpg 768w, https:\/\/justynabronowska.pl\/fotografia\/wp-content\/uploads\/sites\/3\/2025\/11\/fotografia-eventowa-bielsko-warsztaty-mindful136-1536x1024.jpg 1536w\" sizes=\"auto, (max-width: 1620px) 100vw, 1620px\" \/><\/figure>\n\n\n\n<figure class=\"wp-block-image size-large\"><img loading=\"lazy\" decoding=\"async\" width=\"1620\" height=\"1080\" data-id=\"4423\" src=\"https:\/\/justynabronowska.pl\/fotografia\/wp-content\/uploads\/sites\/3\/2025\/11\/fotografia-eventowa-bielsko-warsztaty-mindful141.jpg\" alt=\"\" class=\"wp-image-4423\" srcset=\"https:\/\/justynabronowska.pl\/fotografia\/wp-content\/uploads\/sites\/3\/2025\/11\/fotografia-eventowa-bielsko-warsztaty-mindful141.jpg 1620w, https:\/\/justynabronowska.pl\/fotografia\/wp-content\/uploads\/sites\/3\/2025\/11\/fotografia-eventowa-bielsko-warsztaty-mindful141-1024x683.jpg 1024w, https:\/\/justynabronowska.pl\/fotografia\/wp-content\/uploads\/sites\/3\/2025\/11\/fotografia-eventowa-bielsko-warsztaty-mindful141-768x512.jpg 768w, https:\/\/justynabronowska.pl\/fotografia\/wp-content\/uploads\/sites\/3\/2025\/11\/fotografia-eventowa-bielsko-warsztaty-mindful141-1536x1024.jpg 1536w\" sizes=\"auto, (max-width: 1620px) 100vw, 1620px\" \/><\/figure>\n\n\n\n<figure class=\"wp-block-image size-large\"><img loading=\"lazy\" decoding=\"async\" width=\"1620\" height=\"1080\" data-id=\"4394\" src=\"https:\/\/justynabronowska.pl\/fotografia\/wp-content\/uploads\/sites\/3\/2025\/11\/fotografia-eventowa-bielsko-warsztaty-mindful142.jpg\" alt=\"\" class=\"wp-image-4394\" srcset=\"https:\/\/justynabronowska.pl\/fotografia\/wp-content\/uploads\/sites\/3\/2025\/11\/fotografia-eventowa-bielsko-warsztaty-mindful142.jpg 1620w, https:\/\/justynabronowska.pl\/fotografia\/wp-content\/uploads\/sites\/3\/2025\/11\/fotografia-eventowa-bielsko-warsztaty-mindful142-1024x683.jpg 1024w, https:\/\/justynabronowska.pl\/fotografia\/wp-content\/uploads\/sites\/3\/2025\/11\/fotografia-eventowa-bielsko-warsztaty-mindful142-768x512.jpg 768w, https:\/\/justynabronowska.pl\/fotografia\/wp-content\/uploads\/sites\/3\/2025\/11\/fotografia-eventowa-bielsko-warsztaty-mindful142-1536x1024.jpg 1536w\" sizes=\"auto, (max-width: 1620px) 100vw, 1620px\" \/><\/figure>\n\n\n\n<figure class=\"wp-block-image size-large\"><img loading=\"lazy\" decoding=\"async\" width=\"1620\" height=\"1080\" data-id=\"4397\" src=\"https:\/\/justynabronowska.pl\/fotografia\/wp-content\/uploads\/sites\/3\/2025\/11\/fotografia-eventowa-bielsko-warsztaty-mindful152.jpg\" alt=\"\" class=\"wp-image-4397\" srcset=\"https:\/\/justynabronowska.pl\/fotografia\/wp-content\/uploads\/sites\/3\/2025\/11\/fotografia-eventowa-bielsko-warsztaty-mindful152.jpg 1620w, https:\/\/justynabronowska.pl\/fotografia\/wp-content\/uploads\/sites\/3\/2025\/11\/fotografia-eventowa-bielsko-warsztaty-mindful152-1024x683.jpg 1024w, https:\/\/justynabronowska.pl\/fotografia\/wp-content\/uploads\/sites\/3\/2025\/11\/fotografia-eventowa-bielsko-warsztaty-mindful152-768x512.jpg 768w, https:\/\/justynabronowska.pl\/fotografia\/wp-content\/uploads\/sites\/3\/2025\/11\/fotografia-eventowa-bielsko-warsztaty-mindful152-1536x1024.jpg 1536w\" sizes=\"auto, (max-width: 1620px) 100vw, 1620px\" \/><\/figure>\n\n\n\n<figure class=\"wp-block-image size-large\"><img loading=\"lazy\" decoding=\"async\" width=\"1000\" height=\"1500\" data-id=\"4385\" src=\"https:\/\/justynabronowska.pl\/fotografia\/wp-content\/uploads\/sites\/3\/2025\/11\/fotografia-eventowa-bielsko-warsztaty-mindful156-1000x1500.jpg\" alt=\"\" class=\"wp-image-4385\" srcset=\"https:\/\/justynabronowska.pl\/fotografia\/wp-content\/uploads\/sites\/3\/2025\/11\/fotografia-eventowa-bielsko-warsztaty-mindful156-1000x1500.jpg 1000w, https:\/\/justynabronowska.pl\/fotografia\/wp-content\/uploads\/sites\/3\/2025\/11\/fotografia-eventowa-bielsko-warsztaty-mindful156-683x1024.jpg 683w, https:\/\/justynabronowska.pl\/fotografia\/wp-content\/uploads\/sites\/3\/2025\/11\/fotografia-eventowa-bielsko-warsztaty-mindful156-768x1152.jpg 768w, https:\/\/justynabronowska.pl\/fotografia\/wp-content\/uploads\/sites\/3\/2025\/11\/fotografia-eventowa-bielsko-warsztaty-mindful156-1024x1536.jpg 1024w, https:\/\/justynabronowska.pl\/fotografia\/wp-content\/uploads\/sites\/3\/2025\/11\/fotografia-eventowa-bielsko-warsztaty-mindful156.jpg 1080w\" sizes=\"auto, (max-width: 1000px) 100vw, 1000px\" \/><\/figure>\n\n\n\n<figure class=\"wp-block-image size-large\"><img loading=\"lazy\" decoding=\"async\" width=\"1000\" height=\"1500\" data-id=\"4392\" src=\"https:\/\/justynabronowska.pl\/fotografia\/wp-content\/uploads\/sites\/3\/2025\/11\/fotografia-eventowa-bielsko-warsztaty-mindful161-1000x1500.jpg\" alt=\"\" class=\"wp-image-4392\" srcset=\"https:\/\/justynabronowska.pl\/fotografia\/wp-content\/uploads\/sites\/3\/2025\/11\/fotografia-eventowa-bielsko-warsztaty-mindful161-1000x1500.jpg 1000w, https:\/\/justynabronowska.pl\/fotografia\/wp-content\/uploads\/sites\/3\/2025\/11\/fotografia-eventowa-bielsko-warsztaty-mindful161-683x1024.jpg 683w, https:\/\/justynabronowska.pl\/fotografia\/wp-content\/uploads\/sites\/3\/2025\/11\/fotografia-eventowa-bielsko-warsztaty-mindful161-768x1152.jpg 768w, https:\/\/justynabronowska.pl\/fotografia\/wp-content\/uploads\/sites\/3\/2025\/11\/fotografia-eventowa-bielsko-warsztaty-mindful161-1024x1536.jpg 1024w, https:\/\/justynabronowska.pl\/fotografia\/wp-content\/uploads\/sites\/3\/2025\/11\/fotografia-eventowa-bielsko-warsztaty-mindful161.jpg 1080w\" sizes=\"auto, (max-width: 1000px) 100vw, 1000px\" \/><\/figure>\n\n\n\n<figure class=\"wp-block-image size-large\"><img loading=\"lazy\" decoding=\"async\" width=\"1620\" height=\"1080\" data-id=\"4418\" src=\"https:\/\/justynabronowska.pl\/fotografia\/wp-content\/uploads\/sites\/3\/2025\/11\/fotografia-eventowa-bielsko-warsztaty-mindful147.jpg\" alt=\"\" class=\"wp-image-4418\" srcset=\"https:\/\/justynabronowska.pl\/fotografia\/wp-content\/uploads\/sites\/3\/2025\/11\/fotografia-eventowa-bielsko-warsztaty-mindful147.jpg 1620w, https:\/\/justynabronowska.pl\/fotografia\/wp-content\/uploads\/sites\/3\/2025\/11\/fotografia-eventowa-bielsko-warsztaty-mindful147-1024x683.jpg 1024w, https:\/\/justynabronowska.pl\/fotografia\/wp-content\/uploads\/sites\/3\/2025\/11\/fotografia-eventowa-bielsko-warsztaty-mindful147-768x512.jpg 768w, https:\/\/justynabronowska.pl\/fotografia\/wp-content\/uploads\/sites\/3\/2025\/11\/fotografia-eventowa-bielsko-warsztaty-mindful147-1536x1024.jpg 1536w\" sizes=\"auto, (max-width: 1620px) 100vw, 1620px\" \/><\/figure>\n\n\n\n<figure class=\"wp-block-image size-large\"><img loading=\"lazy\" decoding=\"async\" width=\"1620\" height=\"1080\" data-id=\"4395\" src=\"https:\/\/justynabronowska.pl\/fotografia\/wp-content\/uploads\/sites\/3\/2025\/11\/fotografia-eventowa-bielsko-warsztaty-mindful171.jpg\" alt=\"\" class=\"wp-image-4395\" srcset=\"https:\/\/justynabronowska.pl\/fotografia\/wp-content\/uploads\/sites\/3\/2025\/11\/fotografia-eventowa-bielsko-warsztaty-mindful171.jpg 1620w, https:\/\/justynabronowska.pl\/fotografia\/wp-content\/uploads\/sites\/3\/2025\/11\/fotografia-eventowa-bielsko-warsztaty-mindful171-1024x683.jpg 1024w, https:\/\/justynabronowska.pl\/fotografia\/wp-content\/uploads\/sites\/3\/2025\/11\/fotografia-eventowa-bielsko-warsztaty-mindful171-768x512.jpg 768w, https:\/\/justynabronowska.pl\/fotografia\/wp-content\/uploads\/sites\/3\/2025\/11\/fotografia-eventowa-bielsko-warsztaty-mindful171-1536x1024.jpg 1536w\" sizes=\"auto, (max-width: 1620px) 100vw, 1620px\" \/><\/figure>\n\n\n\n<figure class=\"wp-block-image size-large\"><img loading=\"lazy\" decoding=\"async\" width=\"1000\" height=\"1500\" data-id=\"4413\" src=\"https:\/\/justynabronowska.pl\/fotografia\/wp-content\/uploads\/sites\/3\/2025\/11\/fotografia-eventowa-bielsko-warsztaty-mindful165-1000x1500.jpg\" alt=\"\" class=\"wp-image-4413\" srcset=\"https:\/\/justynabronowska.pl\/fotografia\/wp-content\/uploads\/sites\/3\/2025\/11\/fotografia-eventowa-bielsko-warsztaty-mindful165-1000x1500.jpg 1000w, https:\/\/justynabronowska.pl\/fotografia\/wp-content\/uploads\/sites\/3\/2025\/11\/fotografia-eventowa-bielsko-warsztaty-mindful165-683x1024.jpg 683w, https:\/\/justynabronowska.pl\/fotografia\/wp-content\/uploads\/sites\/3\/2025\/11\/fotografia-eventowa-bielsko-warsztaty-mindful165-768x1152.jpg 768w, https:\/\/justynabronowska.pl\/fotografia\/wp-content\/uploads\/sites\/3\/2025\/11\/fotografia-eventowa-bielsko-warsztaty-mindful165-1024x1536.jpg 1024w, https:\/\/justynabronowska.pl\/fotografia\/wp-content\/uploads\/sites\/3\/2025\/11\/fotografia-eventowa-bielsko-warsztaty-mindful165.jpg 1080w\" sizes=\"auto, (max-width: 1000px) 100vw, 1000px\" \/><\/figure>\n\n\n\n<figure class=\"wp-block-image size-large\"><img loading=\"lazy\" decoding=\"async\" width=\"1000\" height=\"1500\" data-id=\"4398\" src=\"https:\/\/justynabronowska.pl\/fotografia\/wp-content\/uploads\/sites\/3\/2025\/11\/fotografia-eventowa-bielsko-warsztaty-mindful172-1000x1500.jpg\" alt=\"\" class=\"wp-image-4398\" srcset=\"https:\/\/justynabronowska.pl\/fotografia\/wp-content\/uploads\/sites\/3\/2025\/11\/fotografia-eventowa-bielsko-warsztaty-mindful172-1000x1500.jpg 1000w, https:\/\/justynabronowska.pl\/fotografia\/wp-content\/uploads\/sites\/3\/2025\/11\/fotografia-eventowa-bielsko-warsztaty-mindful172-683x1024.jpg 683w, https:\/\/justynabronowska.pl\/fotografia\/wp-content\/uploads\/sites\/3\/2025\/11\/fotografia-eventowa-bielsko-warsztaty-mindful172-768x1152.jpg 768w, https:\/\/justynabronowska.pl\/fotografia\/wp-content\/uploads\/sites\/3\/2025\/11\/fotografia-eventowa-bielsko-warsztaty-mindful172-1024x1536.jpg 1024w, https:\/\/justynabronowska.pl\/fotografia\/wp-content\/uploads\/sites\/3\/2025\/11\/fotografia-eventowa-bielsko-warsztaty-mindful172.jpg 1080w\" sizes=\"auto, (max-width: 1000px) 100vw, 1000px\" \/><\/figure>\n\n\n\n<figure class=\"wp-block-image size-large\"><img loading=\"lazy\" decoding=\"async\" width=\"1000\" height=\"1500\" data-id=\"4405\" src=\"https:\/\/justynabronowska.pl\/fotografia\/wp-content\/uploads\/sites\/3\/2025\/11\/fotografia-eventowa-bielsko-warsztaty-mindful182-1000x1500.jpg\" alt=\"\" class=\"wp-image-4405\" srcset=\"https:\/\/justynabronowska.pl\/fotografia\/wp-content\/uploads\/sites\/3\/2025\/11\/fotografia-eventowa-bielsko-warsztaty-mindful182-1000x1500.jpg 1000w, https:\/\/justynabronowska.pl\/fotografia\/wp-content\/uploads\/sites\/3\/2025\/11\/fotografia-eventowa-bielsko-warsztaty-mindful182-683x1024.jpg 683w, https:\/\/justynabronowska.pl\/fotografia\/wp-content\/uploads\/sites\/3\/2025\/11\/fotografia-eventowa-bielsko-warsztaty-mindful182-768x1152.jpg 768w, https:\/\/justynabronowska.pl\/fotografia\/wp-content\/uploads\/sites\/3\/2025\/11\/fotografia-eventowa-bielsko-warsztaty-mindful182-1024x1536.jpg 1024w, https:\/\/justynabronowska.pl\/fotografia\/wp-content\/uploads\/sites\/3\/2025\/11\/fotografia-eventowa-bielsko-warsztaty-mindful182.jpg 1080w\" sizes=\"auto, (max-width: 1000px) 100vw, 1000px\" \/><\/figure>\n\n\n\n<figure class=\"wp-block-image size-large\"><img loading=\"lazy\" decoding=\"async\" width=\"1000\" height=\"1500\" data-id=\"4407\" src=\"https:\/\/justynabronowska.pl\/fotografia\/wp-content\/uploads\/sites\/3\/2025\/11\/fotografia-eventowa-bielsko-warsztaty-mindful181-1000x1500.jpg\" alt=\"\" class=\"wp-image-4407\" srcset=\"https:\/\/justynabronowska.pl\/fotografia\/wp-content\/uploads\/sites\/3\/2025\/11\/fotografia-eventowa-bielsko-warsztaty-mindful181-1000x1500.jpg 1000w, https:\/\/justynabronowska.pl\/fotografia\/wp-content\/uploads\/sites\/3\/2025\/11\/fotografia-eventowa-bielsko-warsztaty-mindful181-683x1024.jpg 683w, https:\/\/justynabronowska.pl\/fotografia\/wp-content\/uploads\/sites\/3\/2025\/11\/fotografia-eventowa-bielsko-warsztaty-mindful181-768x1152.jpg 768w, https:\/\/justynabronowska.pl\/fotografia\/wp-content\/uploads\/sites\/3\/2025\/11\/fotografia-eventowa-bielsko-warsztaty-mindful181-1024x1536.jpg 1024w, https:\/\/justynabronowska.pl\/fotografia\/wp-content\/uploads\/sites\/3\/2025\/11\/fotografia-eventowa-bielsko-warsztaty-mindful181.jpg 1080w\" sizes=\"auto, (max-width: 1000px) 100vw, 1000px\" \/><\/figure>\n\n\n\n<figure class=\"wp-block-image size-large\"><img loading=\"lazy\" decoding=\"async\" width=\"1620\" height=\"1080\" data-id=\"4421\" src=\"https:\/\/justynabronowska.pl\/fotografia\/wp-content\/uploads\/sites\/3\/2025\/11\/fotografia-eventowa-bielsko-warsztaty-mindful164.jpg\" alt=\"\" class=\"wp-image-4421\" srcset=\"https:\/\/justynabronowska.pl\/fotografia\/wp-content\/uploads\/sites\/3\/2025\/11\/fotografia-eventowa-bielsko-warsztaty-mindful164.jpg 1620w, https:\/\/justynabronowska.pl\/fotografia\/wp-content\/uploads\/sites\/3\/2025\/11\/fotografia-eventowa-bielsko-warsztaty-mindful164-1024x683.jpg 1024w, https:\/\/justynabronowska.pl\/fotografia\/wp-content\/uploads\/sites\/3\/2025\/11\/fotografia-eventowa-bielsko-warsztaty-mindful164-768x512.jpg 768w, https:\/\/justynabronowska.pl\/fotografia\/wp-content\/uploads\/sites\/3\/2025\/11\/fotografia-eventowa-bielsko-warsztaty-mindful164-1536x1024.jpg 1536w\" sizes=\"auto, (max-width: 1620px) 100vw, 1620px\" \/><\/figure>\n\n\n\n<figure class=\"wp-block-image size-large\"><img loading=\"lazy\" decoding=\"async\" width=\"1620\" height=\"1080\" data-id=\"4429\" src=\"https:\/\/justynabronowska.pl\/fotografia\/wp-content\/uploads\/sites\/3\/2025\/11\/fotografia-eventowa-bielsko-warsztaty-mindful159.jpg\" alt=\"\" class=\"wp-image-4429\" srcset=\"https:\/\/justynabronowska.pl\/fotografia\/wp-content\/uploads\/sites\/3\/2025\/11\/fotografia-eventowa-bielsko-warsztaty-mindful159.jpg 1620w, https:\/\/justynabronowska.pl\/fotografia\/wp-content\/uploads\/sites\/3\/2025\/11\/fotografia-eventowa-bielsko-warsztaty-mindful159-1024x683.jpg 1024w, https:\/\/justynabronowska.pl\/fotografia\/wp-content\/uploads\/sites\/3\/2025\/11\/fotografia-eventowa-bielsko-warsztaty-mindful159-768x512.jpg 768w, https:\/\/justynabronowska.pl\/fotografia\/wp-content\/uploads\/sites\/3\/2025\/11\/fotografia-eventowa-bielsko-warsztaty-mindful159-1536x1024.jpg 1536w\" sizes=\"auto, (max-width: 1620px) 100vw, 1620px\" \/><\/figure>\n<\/figure>\n","protected":false},"excerpt":{"rendered":"<p>To by\u0142o pi\u0119kne, klimatyczne wydarzenie. Warsztaty i pierwsze urodziny marki mindful movement. Cztery filary kobiecego dobrostanu z ruchem, cz\u0119\u015bci\u0105 tw\u00f3rcz\u0105 z ceramik\u0105 , wyk\u0142adem i jog\u0105 Przepi\u0119kna przestrze\u0144 K6 w Czechowicach, pyszne jedzenie, listopadowe s\u0142o\u0144ce, kobieca energia i atmosfera relaksu. Wsp\u00f3\u0142tw\u00f3rczynie tego wydarzenia to Mariola Midful movement, Justyna Kozio\u0142a Ceramic , Ania Yoga Flow i [&hellip;]<\/p>\n","protected":false},"author":1,"featured_media":4428,"comment_status":"open","ping_status":"open","sticky":false,"template":"","format":"standard","meta":{"footnotes":""},"categories":[118,125,64],"tags":[75,151,150,152],"class_list":{"0":"post-4381","1":"post","2":"type-post","3":"status-publish","4":"format-standard","5":"has-post-thumbnail","7":"category-reportaz","8":"category-reportaz-z-wydarzenia","9":"category-sesja-biznesowa","10":"tag-fotograf-bielsko-biala","11":"tag-fotografia-eventowa-bielsko","12":"tag-reportaz-bielsko","13":"tag-reportaz-branzowy-bielsko"},"yoast_head":"<!-- This site is optimized with the Yoast SEO plugin v27.3 - https:\/\/yoast.com\/product\/yoast-seo-wordpress\/ -->\n<title>Reporta\u017c z warsztat\u00f3w - Justyna Bronowska Fotografia - Fotografia \u015blubna, wizerunkowa, rodzinna Bielsko-Bia\u0142a, \u015al\u0105sk<\/title>\n<meta name=\"robots\" content=\"index, follow, max-snippet:-1, max-image-preview:large, max-video-preview:-1\" \/>\n<link rel=\"canonical\" href=\"https:\/\/justynabronowska.pl\/fotografia\/reportaz-firmowy\/\" \/>\n<meta property=\"og:locale\" content=\"pl_PL\" \/>\n<meta property=\"og:type\" content=\"article\" \/>\n<meta property=\"og:title\" content=\"Reporta\u017c z warsztat\u00f3w - Justyna Bronowska Fotografia - Fotografia \u015blubna, wizerunkowa, rodzinna Bielsko-Bia\u0142a, \u015al\u0105sk\" \/>\n<meta property=\"og:description\" content=\"To by\u0142o pi\u0119kne, klimatyczne wydarzenie. Warsztaty i pierwsze urodziny marki mindful movement. Cztery filary kobiecego dobrostanu z ruchem, cz\u0119\u015bci\u0105 tw\u00f3rcz\u0105 z ceramik\u0105 , wyk\u0142adem i jog\u0105 Przepi\u0119kna przestrze\u0144 K6 w Czechowicach, pyszne jedzenie, listopadowe s\u0142o\u0144ce, kobieca energia i atmosfera relaksu. Wsp\u00f3\u0142tw\u00f3rczynie tego wydarzenia to Mariola Midful movement, Justyna Kozio\u0142a Ceramic , Ania Yoga Flow i [&hellip;]\" \/>\n<meta property=\"og:url\" content=\"https:\/\/justynabronowska.pl\/fotografia\/reportaz-firmowy\/\" \/>\n<meta property=\"og:site_name\" content=\"Justyna Bronowska Fotografia - Fotografia \u015blubna, wizerunkowa, rodzinna Bielsko-Bia\u0142a, \u015al\u0105sk\" \/>\n<meta property=\"article:published_time\" content=\"2024-12-21T11:21:00+00:00\" \/>\n<meta property=\"article:modified_time\" content=\"2026-03-12T20:01:56+00:00\" \/>\n<meta property=\"og:image\" content=\"https:\/\/justynabronowska.pl\/fotografia\/wp-content\/uploads\/sites\/3\/2025\/11\/fotografia-eventowa-bielsko-warsztaty-mindful131.jpg\" \/>\n\t<meta property=\"og:image:width\" content=\"1620\" \/>\n\t<meta property=\"og:image:height\" content=\"1080\" \/>\n\t<meta property=\"og:image:type\" content=\"image\/jpeg\" \/>\n<meta name=\"author\" content=\"admin\" \/>\n<meta name=\"twitter:card\" content=\"summary_large_image\" \/>\n<meta name=\"twitter:label1\" content=\"Napisane przez\" \/>\n\t<meta name=\"twitter:data1\" content=\"admin\" \/>\n\t<meta name=\"twitter:label2\" content=\"Szacowany czas czytania\" \/>\n\t<meta name=\"twitter:data2\" content=\"1 minuta\" \/>\n<script type=\"application\/ld+json\" class=\"yoast-schema-graph\">{\"@context\":\"https:\\\/\\\/schema.org\",\"@graph\":[{\"@type\":\"Article\",\"@id\":\"https:\\\/\\\/justynabronowska.pl\\\/fotografia\\\/reportaz-firmowy\\\/#article\",\"isPartOf\":{\"@id\":\"https:\\\/\\\/justynabronowska.pl\\\/fotografia\\\/reportaz-firmowy\\\/\"},\"author\":{\"name\":\"admin\",\"@id\":\"https:\\\/\\\/justynabronowska.pl\\\/fotografia\\\/#\\\/schema\\\/person\\\/6c4ecde1a4b4fe3519f8ab8ce8d68e30\"},\"headline\":\"Reporta\u017c z warsztat\u00f3w\",\"datePublished\":\"2024-12-21T11:21:00+00:00\",\"dateModified\":\"2026-03-12T20:01:56+00:00\",\"mainEntityOfPage\":{\"@id\":\"https:\\\/\\\/justynabronowska.pl\\\/fotografia\\\/reportaz-firmowy\\\/\"},\"wordCount\":112,\"commentCount\":0,\"image\":{\"@id\":\"https:\\\/\\\/justynabronowska.pl\\\/fotografia\\\/reportaz-firmowy\\\/#primaryimage\"},\"thumbnailUrl\":\"https:\\\/\\\/justynabronowska.pl\\\/fotografia\\\/wp-content\\\/uploads\\\/sites\\\/3\\\/2025\\\/11\\\/fotografia-eventowa-bielsko-warsztaty-mindful131.jpg\",\"keywords\":[\"fotograf bielsko bia\u0142a\",\"fotografia eventowa bielsko\",\"reporta\u017c bielsko\",\"reporta\u017c bran\u017cowy bielsko\"],\"articleSection\":[\"reporta\u017c\",\"reporta\u017c z wydarzenia\",\"sesja biznesowa\"],\"inLanguage\":\"pl-PL\",\"potentialAction\":[{\"@type\":\"CommentAction\",\"name\":\"Comment\",\"target\":[\"https:\\\/\\\/justynabronowska.pl\\\/fotografia\\\/reportaz-firmowy\\\/#respond\"]}]},{\"@type\":\"WebPage\",\"@id\":\"https:\\\/\\\/justynabronowska.pl\\\/fotografia\\\/reportaz-firmowy\\\/\",\"url\":\"https:\\\/\\\/justynabronowska.pl\\\/fotografia\\\/reportaz-firmowy\\\/\",\"name\":\"Reporta\u017c z warsztat\u00f3w - Justyna Bronowska Fotografia - Fotografia \u015blubna, wizerunkowa, rodzinna Bielsko-Bia\u0142a, \u015al\u0105sk\",\"isPartOf\":{\"@id\":\"https:\\\/\\\/justynabronowska.pl\\\/fotografia\\\/#website\"},\"primaryImageOfPage\":{\"@id\":\"https:\\\/\\\/justynabronowska.pl\\\/fotografia\\\/reportaz-firmowy\\\/#primaryimage\"},\"image\":{\"@id\":\"https:\\\/\\\/justynabronowska.pl\\\/fotografia\\\/reportaz-firmowy\\\/#primaryimage\"},\"thumbnailUrl\":\"https:\\\/\\\/justynabronowska.pl\\\/fotografia\\\/wp-content\\\/uploads\\\/sites\\\/3\\\/2025\\\/11\\\/fotografia-eventowa-bielsko-warsztaty-mindful131.jpg\",\"datePublished\":\"2024-12-21T11:21:00+00:00\",\"dateModified\":\"2026-03-12T20:01:56+00:00\",\"author\":{\"@id\":\"https:\\\/\\\/justynabronowska.pl\\\/fotografia\\\/#\\\/schema\\\/person\\\/6c4ecde1a4b4fe3519f8ab8ce8d68e30\"},\"breadcrumb\":{\"@id\":\"https:\\\/\\\/justynabronowska.pl\\\/fotografia\\\/reportaz-firmowy\\\/#breadcrumb\"},\"inLanguage\":\"pl-PL\",\"potentialAction\":[{\"@type\":\"ReadAction\",\"target\":[\"https:\\\/\\\/justynabronowska.pl\\\/fotografia\\\/reportaz-firmowy\\\/\"]}]},{\"@type\":\"ImageObject\",\"inLanguage\":\"pl-PL\",\"@id\":\"https:\\\/\\\/justynabronowska.pl\\\/fotografia\\\/reportaz-firmowy\\\/#primaryimage\",\"url\":\"https:\\\/\\\/justynabronowska.pl\\\/fotografia\\\/wp-content\\\/uploads\\\/sites\\\/3\\\/2025\\\/11\\\/fotografia-eventowa-bielsko-warsztaty-mindful131.jpg\",\"contentUrl\":\"https:\\\/\\\/justynabronowska.pl\\\/fotografia\\\/wp-content\\\/uploads\\\/sites\\\/3\\\/2025\\\/11\\\/fotografia-eventowa-bielsko-warsztaty-mindful131.jpg\",\"width\":1620,\"height\":1080},{\"@type\":\"BreadcrumbList\",\"@id\":\"https:\\\/\\\/justynabronowska.pl\\\/fotografia\\\/reportaz-firmowy\\\/#breadcrumb\",\"itemListElement\":[{\"@type\":\"ListItem\",\"position\":1,\"name\":\"Home\",\"item\":\"https:\\\/\\\/justynabronowska.pl\\\/fotografia\\\/\"},{\"@type\":\"ListItem\",\"position\":2,\"name\":\"Reporta\u017c z warsztat\u00f3w\"}]},{\"@type\":\"WebSite\",\"@id\":\"https:\\\/\\\/justynabronowska.pl\\\/fotografia\\\/#website\",\"url\":\"https:\\\/\\\/justynabronowska.pl\\\/fotografia\\\/\",\"name\":\"Justyna Bronowska Fotografia - Fotografia \u015blubna, wizerunkowa, rodzinna Bielsko-Bia\u0142a, \u015al\u0105sk\",\"description\":\"Justyna Bronowska Fotografia - Fotografia \u015blubna, wizerunkowa, rodzinna Bielsko-Bia\u0142a, \u015al\u0105sk\",\"potentialAction\":[{\"@type\":\"SearchAction\",\"target\":{\"@type\":\"EntryPoint\",\"urlTemplate\":\"https:\\\/\\\/justynabronowska.pl\\\/fotografia\\\/?s={search_term_string}\"},\"query-input\":{\"@type\":\"PropertyValueSpecification\",\"valueRequired\":true,\"valueName\":\"search_term_string\"}}],\"inLanguage\":\"pl-PL\"},{\"@type\":\"Person\",\"@id\":\"https:\\\/\\\/justynabronowska.pl\\\/fotografia\\\/#\\\/schema\\\/person\\\/6c4ecde1a4b4fe3519f8ab8ce8d68e30\",\"name\":\"admin\",\"image\":{\"@type\":\"ImageObject\",\"inLanguage\":\"pl-PL\",\"@id\":\"https:\\\/\\\/secure.gravatar.com\\\/avatar\\\/29bf5daac66150479063cb58106501dc39e4fa1129c87d50f2cd7573b0165bb6?s=96&d=mm&r=g\",\"url\":\"https:\\\/\\\/secure.gravatar.com\\\/avatar\\\/29bf5daac66150479063cb58106501dc39e4fa1129c87d50f2cd7573b0165bb6?s=96&d=mm&r=g\",\"contentUrl\":\"https:\\\/\\\/secure.gravatar.com\\\/avatar\\\/29bf5daac66150479063cb58106501dc39e4fa1129c87d50f2cd7573b0165bb6?s=96&d=mm&r=g\",\"caption\":\"admin\"},\"url\":\"https:\\\/\\\/justynabronowska.pl\\\/fotografia\\\/author\\\/admin\\\/\"}]}<\/script>\n<!-- \/ Yoast SEO plugin. -->","yoast_head_json":{"title":"Reporta\u017c z warsztat\u00f3w - Justyna Bronowska Fotografia - Fotografia \u015blubna, wizerunkowa, rodzinna Bielsko-Bia\u0142a, \u015al\u0105sk","robots":{"index":"index","follow":"follow","max-snippet":"max-snippet:-1","max-image-preview":"max-image-preview:large","max-video-preview":"max-video-preview:-1"},"canonical":"https:\/\/justynabronowska.pl\/fotografia\/reportaz-firmowy\/","og_locale":"pl_PL","og_type":"article","og_title":"Reporta\u017c z warsztat\u00f3w - Justyna Bronowska Fotografia - Fotografia \u015blubna, wizerunkowa, rodzinna Bielsko-Bia\u0142a, \u015al\u0105sk","og_description":"To by\u0142o pi\u0119kne, klimatyczne wydarzenie. Warsztaty i pierwsze urodziny marki mindful movement. Cztery filary kobiecego dobrostanu z ruchem, cz\u0119\u015bci\u0105 tw\u00f3rcz\u0105 z ceramik\u0105 , wyk\u0142adem i jog\u0105 Przepi\u0119kna przestrze\u0144 K6 w Czechowicach, pyszne jedzenie, listopadowe s\u0142o\u0144ce, kobieca energia i atmosfera relaksu. Wsp\u00f3\u0142tw\u00f3rczynie tego wydarzenia to Mariola Midful movement, Justyna Kozio\u0142a Ceramic , Ania Yoga Flow i [&hellip;]","og_url":"https:\/\/justynabronowska.pl\/fotografia\/reportaz-firmowy\/","og_site_name":"Justyna Bronowska Fotografia - Fotografia \u015blubna, wizerunkowa, rodzinna Bielsko-Bia\u0142a, \u015al\u0105sk","article_published_time":"2024-12-21T11:21:00+00:00","article_modified_time":"2026-03-12T20:01:56+00:00","og_image":[{"width":1620,"height":1080,"url":"https:\/\/justynabronowska.pl\/fotografia\/wp-content\/uploads\/sites\/3\/2025\/11\/fotografia-eventowa-bielsko-warsztaty-mindful131.jpg","type":"image\/jpeg"}],"author":"admin","twitter_card":"summary_large_image","twitter_misc":{"Napisane przez":"admin","Szacowany czas czytania":"1 minuta"},"schema":{"@context":"https:\/\/schema.org","@graph":[{"@type":"Article","@id":"https:\/\/justynabronowska.pl\/fotografia\/reportaz-firmowy\/#article","isPartOf":{"@id":"https:\/\/justynabronowska.pl\/fotografia\/reportaz-firmowy\/"},"author":{"name":"admin","@id":"https:\/\/justynabronowska.pl\/fotografia\/#\/schema\/person\/6c4ecde1a4b4fe3519f8ab8ce8d68e30"},"headline":"Reporta\u017c z warsztat\u00f3w","datePublished":"2024-12-21T11:21:00+00:00","dateModified":"2026-03-12T20:01:56+00:00","mainEntityOfPage":{"@id":"https:\/\/justynabronowska.pl\/fotografia\/reportaz-firmowy\/"},"wordCount":112,"commentCount":0,"image":{"@id":"https:\/\/justynabronowska.pl\/fotografia\/reportaz-firmowy\/#primaryimage"},"thumbnailUrl":"https:\/\/justynabronowska.pl\/fotografia\/wp-content\/uploads\/sites\/3\/2025\/11\/fotografia-eventowa-bielsko-warsztaty-mindful131.jpg","keywords":["fotograf bielsko bia\u0142a","fotografia eventowa bielsko","reporta\u017c bielsko","reporta\u017c bran\u017cowy bielsko"],"articleSection":["reporta\u017c","reporta\u017c z wydarzenia","sesja biznesowa"],"inLanguage":"pl-PL","potentialAction":[{"@type":"CommentAction","name":"Comment","target":["https:\/\/justynabronowska.pl\/fotografia\/reportaz-firmowy\/#respond"]}]},{"@type":"WebPage","@id":"https:\/\/justynabronowska.pl\/fotografia\/reportaz-firmowy\/","url":"https:\/\/justynabronowska.pl\/fotografia\/reportaz-firmowy\/","name":"Reporta\u017c z warsztat\u00f3w - Justyna Bronowska Fotografia - Fotografia \u015blubna, wizerunkowa, rodzinna Bielsko-Bia\u0142a, \u015al\u0105sk","isPartOf":{"@id":"https:\/\/justynabronowska.pl\/fotografia\/#website"},"primaryImageOfPage":{"@id":"https:\/\/justynabronowska.pl\/fotografia\/reportaz-firmowy\/#primaryimage"},"image":{"@id":"https:\/\/justynabronowska.pl\/fotografia\/reportaz-firmowy\/#primaryimage"},"thumbnailUrl":"https:\/\/justynabronowska.pl\/fotografia\/wp-content\/uploads\/sites\/3\/2025\/11\/fotografia-eventowa-bielsko-warsztaty-mindful131.jpg","datePublished":"2024-12-21T11:21:00+00:00","dateModified":"2026-03-12T20:01:56+00:00","author":{"@id":"https:\/\/justynabronowska.pl\/fotografia\/#\/schema\/person\/6c4ecde1a4b4fe3519f8ab8ce8d68e30"},"breadcrumb":{"@id":"https:\/\/justynabronowska.pl\/fotografia\/reportaz-firmowy\/#breadcrumb"},"inLanguage":"pl-PL","potentialAction":[{"@type":"ReadAction","target":["https:\/\/justynabronowska.pl\/fotografia\/reportaz-firmowy\/"]}]},{"@type":"ImageObject","inLanguage":"pl-PL","@id":"https:\/\/justynabronowska.pl\/fotografia\/reportaz-firmowy\/#primaryimage","url":"https:\/\/justynabronowska.pl\/fotografia\/wp-content\/uploads\/sites\/3\/2025\/11\/fotografia-eventowa-bielsko-warsztaty-mindful131.jpg","contentUrl":"https:\/\/justynabronowska.pl\/fotografia\/wp-content\/uploads\/sites\/3\/2025\/11\/fotografia-eventowa-bielsko-warsztaty-mindful131.jpg","width":1620,"height":1080},{"@type":"BreadcrumbList","@id":"https:\/\/justynabronowska.pl\/fotografia\/reportaz-firmowy\/#breadcrumb","itemListElement":[{"@type":"ListItem","position":1,"name":"Home","item":"https:\/\/justynabronowska.pl\/fotografia\/"},{"@type":"ListItem","position":2,"name":"Reporta\u017c z warsztat\u00f3w"}]},{"@type":"WebSite","@id":"https:\/\/justynabronowska.pl\/fotografia\/#website","url":"https:\/\/justynabronowska.pl\/fotografia\/","name":"Justyna Bronowska Fotografia - Fotografia \u015blubna, wizerunkowa, rodzinna Bielsko-Bia\u0142a, \u015al\u0105sk","description":"Justyna Bronowska Fotografia - Fotografia \u015blubna, wizerunkowa, rodzinna Bielsko-Bia\u0142a, \u015al\u0105sk","potentialAction":[{"@type":"SearchAction","target":{"@type":"EntryPoint","urlTemplate":"https:\/\/justynabronowska.pl\/fotografia\/?s={search_term_string}"},"query-input":{"@type":"PropertyValueSpecification","valueRequired":true,"valueName":"search_term_string"}}],"inLanguage":"pl-PL"},{"@type":"Person","@id":"https:\/\/justynabronowska.pl\/fotografia\/#\/schema\/person\/6c4ecde1a4b4fe3519f8ab8ce8d68e30","name":"admin","image":{"@type":"ImageObject","inLanguage":"pl-PL","@id":"https:\/\/secure.gravatar.com\/avatar\/29bf5daac66150479063cb58106501dc39e4fa1129c87d50f2cd7573b0165bb6?s=96&d=mm&r=g","url":"https:\/\/secure.gravatar.com\/avatar\/29bf5daac66150479063cb58106501dc39e4fa1129c87d50f2cd7573b0165bb6?s=96&d=mm&r=g","contentUrl":"https:\/\/secure.gravatar.com\/avatar\/29bf5daac66150479063cb58106501dc39e4fa1129c87d50f2cd7573b0165bb6?s=96&d=mm&r=g","caption":"admin"},"url":"https:\/\/justynabronowska.pl\/fotografia\/author\/admin\/"}]}},"_links":{"self":[{"href":"https:\/\/justynabronowska.pl\/fotografia\/wp-json\/wp\/v2\/posts\/4381","targetHints":{"allow":["GET"]}}],"collection":[{"href":"https:\/\/justynabronowska.pl\/fotografia\/wp-json\/wp\/v2\/posts"}],"about":[{"href":"https:\/\/justynabronowska.pl\/fotografia\/wp-json\/wp\/v2\/types\/post"}],"author":[{"embeddable":true,"href":"https:\/\/justynabronowska.pl\/fotografia\/wp-json\/wp\/v2\/users\/1"}],"replies":[{"embeddable":true,"href":"https:\/\/justynabronowska.pl\/fotografia\/wp-json\/wp\/v2\/comments?post=4381"}],"version-history":[{"count":8,"href":"https:\/\/justynabronowska.pl\/fotografia\/wp-json\/wp\/v2\/posts\/4381\/revisions"}],"predecessor-version":[{"id":4750,"href":"https:\/\/justynabronowska.pl\/fotografia\/wp-json\/wp\/v2\/posts\/4381\/revisions\/4750"}],"wp:featuredmedia":[{"embeddable":true,"href":"https:\/\/justynabronowska.pl\/fotografia\/wp-json\/wp\/v2\/media\/4428"}],"wp:attachment":[{"href":"https:\/\/justynabronowska.pl\/fotografia\/wp-json\/wp\/v2\/media?parent=4381"}],"wp:term":[{"taxonomy":"category","embeddable":true,"href":"https:\/\/justynabronowska.pl\/fotografia\/wp-json\/wp\/v2\/categories?post=4381"},{"taxonomy":"post_tag","embeddable":true,"href":"https:\/\/justynabronowska.pl\/fotografia\/wp-json\/wp\/v2\/tags?post=4381"}],"curies":[{"name":"wp","href":"https:\/\/api.w.org\/{rel}","templated":true}]}}