{"id":4569,"date":"2025-06-12T19:18:00","date_gmt":"2025-06-12T17:18:00","guid":{"rendered":"https:\/\/justynabronowska.pl\/fotografia\/?p=4569"},"modified":"2026-03-12T22:06:08","modified_gmt":"2026-03-12T20:06:08","slug":"reportaz-sport-beskidy","status":"publish","type":"post","link":"https:\/\/justynabronowska.pl\/fotografia\/reportaz-sport-beskidy\/","title":{"rendered":"W przyrodzie!"},"content":{"rendered":"\n<p id=\"block-2309466a-1088-45d8-8469-9c7973772dcb\">Mam ogromn\u0105 potrzeb\u0119 bycia blisko przyrody, kt\u00f3ra cz\u0119sto jest t\u0142em moich sesji zdj\u0119ciowych. To zachwyt otaczaj\u0105cym swiatem i w pierwszej kolejno\u015bci g\u00f3rami pchn\u0105\u0142 mnie w stron\u0119 fotografii &#8211; tam odnajduj\u0119 wiele w\u0105tk\u00f3w mojej wra\u017cliwo\u015bci. Odk\u0105d pami\u0119tam przemierza\u0142am \u015bwiat z tym zachwytem i ciekawo\u015bci\u0105, a odk\u0105d w kr\u0119gu moich pasji zacz\u0119\u0142y pojawia\u0107 si\u0119 sporty przestrzenne &#8211; narciarstwo, biegi g\u00f3rskie, rower&#8230;to po\u015bwi\u0119cam weekendy na w\u0142asne przygody. Poni\u017cej mieszanka z r\u00f3\u017cnych akcji, prywatnych i komercyjnych.<\/p>\n\n\n\n<figure class=\"wp-block-gallery has-nested-images columns-default is-cropped wp-block-gallery-1 is-layout-flex wp-block-gallery-is-layout-flex\">\n<figure class=\"wp-block-image size-large\"><img loading=\"lazy\" decoding=\"async\" width=\"1600\" height=\"1067\" data-id=\"4640\" src=\"https:\/\/justynabronowska.pl\/fotografia\/wp-content\/uploads\/sites\/3\/2026\/03\/118157833_3195292330506844_1657871659741231049_n-1.jpg\" alt=\"\" class=\"wp-image-4640\" srcset=\"https:\/\/justynabronowska.pl\/fotografia\/wp-content\/uploads\/sites\/3\/2026\/03\/118157833_3195292330506844_1657871659741231049_n-1.jpg 1600w, https:\/\/justynabronowska.pl\/fotografia\/wp-content\/uploads\/sites\/3\/2026\/03\/118157833_3195292330506844_1657871659741231049_n-1-1024x683.jpg 1024w, https:\/\/justynabronowska.pl\/fotografia\/wp-content\/uploads\/sites\/3\/2026\/03\/118157833_3195292330506844_1657871659741231049_n-1-768x512.jpg 768w, https:\/\/justynabronowska.pl\/fotografia\/wp-content\/uploads\/sites\/3\/2026\/03\/118157833_3195292330506844_1657871659741231049_n-1-1536x1024.jpg 1536w\" sizes=\"auto, (max-width: 1600px) 100vw, 1600px\" \/><\/figure>\n\n\n\n<figure class=\"wp-block-image size-large\"><img loading=\"lazy\" decoding=\"async\" width=\"1600\" height=\"1067\" data-id=\"4643\" src=\"https:\/\/justynabronowska.pl\/fotografia\/wp-content\/uploads\/sites\/3\/2026\/03\/118251422_3195291800506897_6524149190101276900_n-1.jpg\" alt=\"\" class=\"wp-image-4643\" srcset=\"https:\/\/justynabronowska.pl\/fotografia\/wp-content\/uploads\/sites\/3\/2026\/03\/118251422_3195291800506897_6524149190101276900_n-1.jpg 1600w, https:\/\/justynabronowska.pl\/fotografia\/wp-content\/uploads\/sites\/3\/2026\/03\/118251422_3195291800506897_6524149190101276900_n-1-1024x683.jpg 1024w, https:\/\/justynabronowska.pl\/fotografia\/wp-content\/uploads\/sites\/3\/2026\/03\/118251422_3195291800506897_6524149190101276900_n-1-768x512.jpg 768w, https:\/\/justynabronowska.pl\/fotografia\/wp-content\/uploads\/sites\/3\/2026\/03\/118251422_3195291800506897_6524149190101276900_n-1-1536x1024.jpg 1536w\" sizes=\"auto, (max-width: 1600px) 100vw, 1600px\" \/><\/figure>\n\n\n\n<figure class=\"wp-block-image size-large\"><img loading=\"lazy\" decoding=\"async\" width=\"1600\" height=\"1067\" data-id=\"4639\" src=\"https:\/\/justynabronowska.pl\/fotografia\/wp-content\/uploads\/sites\/3\/2026\/03\/118253895_3195291940506883_6589061969863230223_n-1.jpg\" alt=\"\" class=\"wp-image-4639\" srcset=\"https:\/\/justynabronowska.pl\/fotografia\/wp-content\/uploads\/sites\/3\/2026\/03\/118253895_3195291940506883_6589061969863230223_n-1.jpg 1600w, https:\/\/justynabronowska.pl\/fotografia\/wp-content\/uploads\/sites\/3\/2026\/03\/118253895_3195291940506883_6589061969863230223_n-1-1024x683.jpg 1024w, https:\/\/justynabronowska.pl\/fotografia\/wp-content\/uploads\/sites\/3\/2026\/03\/118253895_3195291940506883_6589061969863230223_n-1-768x512.jpg 768w, https:\/\/justynabronowska.pl\/fotografia\/wp-content\/uploads\/sites\/3\/2026\/03\/118253895_3195291940506883_6589061969863230223_n-1-1536x1024.jpg 1536w\" sizes=\"auto, (max-width: 1600px) 100vw, 1600px\" \/><\/figure>\n\n\n\n<figure class=\"wp-block-image size-large\"><img loading=\"lazy\" decoding=\"async\" width=\"1600\" height=\"1067\" data-id=\"4641\" src=\"https:\/\/justynabronowska.pl\/fotografia\/wp-content\/uploads\/sites\/3\/2026\/03\/118254287_3195292383840172_2411556049469548344_n-1.jpg\" alt=\"\" class=\"wp-image-4641\" srcset=\"https:\/\/justynabronowska.pl\/fotografia\/wp-content\/uploads\/sites\/3\/2026\/03\/118254287_3195292383840172_2411556049469548344_n-1.jpg 1600w, https:\/\/justynabronowska.pl\/fotografia\/wp-content\/uploads\/sites\/3\/2026\/03\/118254287_3195292383840172_2411556049469548344_n-1-1024x683.jpg 1024w, https:\/\/justynabronowska.pl\/fotografia\/wp-content\/uploads\/sites\/3\/2026\/03\/118254287_3195292383840172_2411556049469548344_n-1-768x512.jpg 768w, https:\/\/justynabronowska.pl\/fotografia\/wp-content\/uploads\/sites\/3\/2026\/03\/118254287_3195292383840172_2411556049469548344_n-1-1536x1024.jpg 1536w\" sizes=\"auto, (max-width: 1600px) 100vw, 1600px\" \/><\/figure>\n\n\n\n<figure class=\"wp-block-image size-large\"><img loading=\"lazy\" decoding=\"async\" width=\"1600\" height=\"1067\" data-id=\"4646\" src=\"https:\/\/justynabronowska.pl\/fotografia\/wp-content\/uploads\/sites\/3\/2026\/03\/118255250_3195292317173512_3120641551541684696_n-1.jpg\" alt=\"\" class=\"wp-image-4646\" srcset=\"https:\/\/justynabronowska.pl\/fotografia\/wp-content\/uploads\/sites\/3\/2026\/03\/118255250_3195292317173512_3120641551541684696_n-1.jpg 1600w, https:\/\/justynabronowska.pl\/fotografia\/wp-content\/uploads\/sites\/3\/2026\/03\/118255250_3195292317173512_3120641551541684696_n-1-1024x683.jpg 1024w, https:\/\/justynabronowska.pl\/fotografia\/wp-content\/uploads\/sites\/3\/2026\/03\/118255250_3195292317173512_3120641551541684696_n-1-768x512.jpg 768w, https:\/\/justynabronowska.pl\/fotografia\/wp-content\/uploads\/sites\/3\/2026\/03\/118255250_3195292317173512_3120641551541684696_n-1-1536x1024.jpg 1536w\" sizes=\"auto, (max-width: 1600px) 100vw, 1600px\" \/><\/figure>\n\n\n\n<figure class=\"wp-block-image size-large\"><img loading=\"lazy\" decoding=\"async\" width=\"1600\" height=\"1067\" data-id=\"4645\" src=\"https:\/\/justynabronowska.pl\/fotografia\/wp-content\/uploads\/sites\/3\/2026\/03\/118284473_3195291750506902_1767805962998992116_n-1.jpg\" alt=\"\" class=\"wp-image-4645\" srcset=\"https:\/\/justynabronowska.pl\/fotografia\/wp-content\/uploads\/sites\/3\/2026\/03\/118284473_3195291750506902_1767805962998992116_n-1.jpg 1600w, https:\/\/justynabronowska.pl\/fotografia\/wp-content\/uploads\/sites\/3\/2026\/03\/118284473_3195291750506902_1767805962998992116_n-1-1024x683.jpg 1024w, https:\/\/justynabronowska.pl\/fotografia\/wp-content\/uploads\/sites\/3\/2026\/03\/118284473_3195291750506902_1767805962998992116_n-1-768x512.jpg 768w, https:\/\/justynabronowska.pl\/fotografia\/wp-content\/uploads\/sites\/3\/2026\/03\/118284473_3195291750506902_1767805962998992116_n-1-1536x1024.jpg 1536w\" sizes=\"auto, (max-width: 1600px) 100vw, 1600px\" \/><\/figure>\n\n\n\n<figure class=\"wp-block-image size-large\"><img loading=\"lazy\" decoding=\"async\" width=\"1600\" height=\"1067\" data-id=\"4647\" src=\"https:\/\/justynabronowska.pl\/fotografia\/wp-content\/uploads\/sites\/3\/2026\/03\/118290604_3195292453840165_7497894574468627596_n-1.jpg\" alt=\"\" class=\"wp-image-4647\" srcset=\"https:\/\/justynabronowska.pl\/fotografia\/wp-content\/uploads\/sites\/3\/2026\/03\/118290604_3195292453840165_7497894574468627596_n-1.jpg 1600w, https:\/\/justynabronowska.pl\/fotografia\/wp-content\/uploads\/sites\/3\/2026\/03\/118290604_3195292453840165_7497894574468627596_n-1-1024x683.jpg 1024w, https:\/\/justynabronowska.pl\/fotografia\/wp-content\/uploads\/sites\/3\/2026\/03\/118290604_3195292453840165_7497894574468627596_n-1-768x512.jpg 768w, https:\/\/justynabronowska.pl\/fotografia\/wp-content\/uploads\/sites\/3\/2026\/03\/118290604_3195292453840165_7497894574468627596_n-1-1536x1024.jpg 1536w\" sizes=\"auto, (max-width: 1600px) 100vw, 1600px\" \/><\/figure>\n\n\n\n<figure class=\"wp-block-image size-large\"><img loading=\"lazy\" decoding=\"async\" width=\"1600\" height=\"1067\" data-id=\"4644\" src=\"https:\/\/justynabronowska.pl\/fotografia\/wp-content\/uploads\/sites\/3\/2026\/03\/118297073_3195292023840208_8490785570258095396_n-1.jpg\" alt=\"\" class=\"wp-image-4644\" srcset=\"https:\/\/justynabronowska.pl\/fotografia\/wp-content\/uploads\/sites\/3\/2026\/03\/118297073_3195292023840208_8490785570258095396_n-1.jpg 1600w, https:\/\/justynabronowska.pl\/fotografia\/wp-content\/uploads\/sites\/3\/2026\/03\/118297073_3195292023840208_8490785570258095396_n-1-1024x683.jpg 1024w, https:\/\/justynabronowska.pl\/fotografia\/wp-content\/uploads\/sites\/3\/2026\/03\/118297073_3195292023840208_8490785570258095396_n-1-768x512.jpg 768w, https:\/\/justynabronowska.pl\/fotografia\/wp-content\/uploads\/sites\/3\/2026\/03\/118297073_3195292023840208_8490785570258095396_n-1-1536x1024.jpg 1536w\" sizes=\"auto, (max-width: 1600px) 100vw, 1600px\" \/><\/figure>\n\n\n\n<figure class=\"wp-block-image size-large\"><img loading=\"lazy\" decoding=\"async\" width=\"1600\" height=\"1067\" data-id=\"4642\" src=\"https:\/\/justynabronowska.pl\/fotografia\/wp-content\/uploads\/sites\/3\/2026\/03\/118322209_3195291713840239_705951924388267170_n-1.jpg\" alt=\"\" class=\"wp-image-4642\" srcset=\"https:\/\/justynabronowska.pl\/fotografia\/wp-content\/uploads\/sites\/3\/2026\/03\/118322209_3195291713840239_705951924388267170_n-1.jpg 1600w, https:\/\/justynabronowska.pl\/fotografia\/wp-content\/uploads\/sites\/3\/2026\/03\/118322209_3195291713840239_705951924388267170_n-1-1024x683.jpg 1024w, https:\/\/justynabronowska.pl\/fotografia\/wp-content\/uploads\/sites\/3\/2026\/03\/118322209_3195291713840239_705951924388267170_n-1-768x512.jpg 768w, https:\/\/justynabronowska.pl\/fotografia\/wp-content\/uploads\/sites\/3\/2026\/03\/118322209_3195291713840239_705951924388267170_n-1-1536x1024.jpg 1536w\" sizes=\"auto, (max-width: 1600px) 100vw, 1600px\" \/><\/figure>\n\n\n\n<figure class=\"wp-block-image size-large\"><img loading=\"lazy\" decoding=\"async\" width=\"1600\" height=\"1067\" data-id=\"4638\" src=\"https:\/\/justynabronowska.pl\/fotografia\/wp-content\/uploads\/sites\/3\/2026\/03\/118356036_3195292583840152_7161023107155579099_n-1.jpg\" alt=\"\" class=\"wp-image-4638\" srcset=\"https:\/\/justynabronowska.pl\/fotografia\/wp-content\/uploads\/sites\/3\/2026\/03\/118356036_3195292583840152_7161023107155579099_n-1.jpg 1600w, https:\/\/justynabronowska.pl\/fotografia\/wp-content\/uploads\/sites\/3\/2026\/03\/118356036_3195292583840152_7161023107155579099_n-1-1024x683.jpg 1024w, https:\/\/justynabronowska.pl\/fotografia\/wp-content\/uploads\/sites\/3\/2026\/03\/118356036_3195292583840152_7161023107155579099_n-1-768x512.jpg 768w, https:\/\/justynabronowska.pl\/fotografia\/wp-content\/uploads\/sites\/3\/2026\/03\/118356036_3195292583840152_7161023107155579099_n-1-1536x1024.jpg 1536w\" sizes=\"auto, (max-width: 1600px) 100vw, 1600px\" \/><\/figure>\n<\/figure>\n\n\n\n<figure class=\"wp-block-gallery has-nested-images columns-default is-cropped wp-block-gallery-2 is-layout-flex wp-block-gallery-is-layout-flex\">\n<figure class=\"wp-block-image size-large\"><img loading=\"lazy\" decoding=\"async\" width=\"1800\" height=\"1200\" data-id=\"4669\" src=\"https:\/\/justynabronowska.pl\/fotografia\/wp-content\/uploads\/sites\/3\/2026\/03\/fotograf_beskidy_bielsko_lato04-1.jpg\" alt=\"\" class=\"wp-image-4669\" srcset=\"https:\/\/justynabronowska.pl\/fotografia\/wp-content\/uploads\/sites\/3\/2026\/03\/fotograf_beskidy_bielsko_lato04-1.jpg 1800w, https:\/\/justynabronowska.pl\/fotografia\/wp-content\/uploads\/sites\/3\/2026\/03\/fotograf_beskidy_bielsko_lato04-1-1024x683.jpg 1024w, https:\/\/justynabronowska.pl\/fotografia\/wp-content\/uploads\/sites\/3\/2026\/03\/fotograf_beskidy_bielsko_lato04-1-768x512.jpg 768w, https:\/\/justynabronowska.pl\/fotografia\/wp-content\/uploads\/sites\/3\/2026\/03\/fotograf_beskidy_bielsko_lato04-1-1536x1024.jpg 1536w\" sizes=\"auto, (max-width: 1800px) 100vw, 1800px\" \/><\/figure>\n\n\n\n<figure class=\"wp-block-image size-large\"><img loading=\"lazy\" decoding=\"async\" width=\"1800\" height=\"1200\" data-id=\"4663\" src=\"https:\/\/justynabronowska.pl\/fotografia\/wp-content\/uploads\/sites\/3\/2026\/03\/fotograf_beskidy_bielsko_lato05.jpg\" alt=\"\" class=\"wp-image-4663\" srcset=\"https:\/\/justynabronowska.pl\/fotografia\/wp-content\/uploads\/sites\/3\/2026\/03\/fotograf_beskidy_bielsko_lato05.jpg 1800w, https:\/\/justynabronowska.pl\/fotografia\/wp-content\/uploads\/sites\/3\/2026\/03\/fotograf_beskidy_bielsko_lato05-1024x683.jpg 1024w, https:\/\/justynabronowska.pl\/fotografia\/wp-content\/uploads\/sites\/3\/2026\/03\/fotograf_beskidy_bielsko_lato05-768x512.jpg 768w, https:\/\/justynabronowska.pl\/fotografia\/wp-content\/uploads\/sites\/3\/2026\/03\/fotograf_beskidy_bielsko_lato05-1536x1024.jpg 1536w\" sizes=\"auto, (max-width: 1800px) 100vw, 1800px\" \/><\/figure>\n\n\n\n<figure class=\"wp-block-image size-large\"><img loading=\"lazy\" decoding=\"async\" width=\"1800\" height=\"1200\" data-id=\"4660\" src=\"https:\/\/justynabronowska.pl\/fotografia\/wp-content\/uploads\/sites\/3\/2026\/03\/fotograf_beskidy_bielsko_lato06.jpg\" alt=\"\" class=\"wp-image-4660\" srcset=\"https:\/\/justynabronowska.pl\/fotografia\/wp-content\/uploads\/sites\/3\/2026\/03\/fotograf_beskidy_bielsko_lato06.jpg 1800w, https:\/\/justynabronowska.pl\/fotografia\/wp-content\/uploads\/sites\/3\/2026\/03\/fotograf_beskidy_bielsko_lato06-1024x683.jpg 1024w, https:\/\/justynabronowska.pl\/fotografia\/wp-content\/uploads\/sites\/3\/2026\/03\/fotograf_beskidy_bielsko_lato06-768x512.jpg 768w, https:\/\/justynabronowska.pl\/fotografia\/wp-content\/uploads\/sites\/3\/2026\/03\/fotograf_beskidy_bielsko_lato06-1536x1024.jpg 1536w\" sizes=\"auto, (max-width: 1800px) 100vw, 1800px\" \/><\/figure>\n\n\n\n<figure class=\"wp-block-image size-large\"><img loading=\"lazy\" decoding=\"async\" width=\"1800\" height=\"1200\" data-id=\"4659\" src=\"https:\/\/justynabronowska.pl\/fotografia\/wp-content\/uploads\/sites\/3\/2026\/03\/fotograf_beskidy_bielsko_lato07-1.jpg\" alt=\"\" class=\"wp-image-4659\" srcset=\"https:\/\/justynabronowska.pl\/fotografia\/wp-content\/uploads\/sites\/3\/2026\/03\/fotograf_beskidy_bielsko_lato07-1.jpg 1800w, https:\/\/justynabronowska.pl\/fotografia\/wp-content\/uploads\/sites\/3\/2026\/03\/fotograf_beskidy_bielsko_lato07-1-1024x683.jpg 1024w, https:\/\/justynabronowska.pl\/fotografia\/wp-content\/uploads\/sites\/3\/2026\/03\/fotograf_beskidy_bielsko_lato07-1-768x512.jpg 768w, https:\/\/justynabronowska.pl\/fotografia\/wp-content\/uploads\/sites\/3\/2026\/03\/fotograf_beskidy_bielsko_lato07-1-1536x1024.jpg 1536w\" sizes=\"auto, (max-width: 1800px) 100vw, 1800px\" \/><\/figure>\n\n\n\n<figure class=\"wp-block-image size-large\"><img loading=\"lazy\" decoding=\"async\" width=\"590\" height=\"393\" data-id=\"4648\" src=\"https:\/\/justynabronowska.pl\/fotografia\/wp-content\/uploads\/sites\/3\/2026\/03\/fotograf_beskidy_bielsko_lato08.jpg\" alt=\"\" class=\"wp-image-4648\"\/><\/figure>\n\n\n\n<figure class=\"wp-block-image size-large\"><img loading=\"lazy\" decoding=\"async\" width=\"1800\" height=\"1200\" data-id=\"4672\" src=\"https:\/\/justynabronowska.pl\/fotografia\/wp-content\/uploads\/sites\/3\/2026\/03\/fotograf_beskidy_bielsko_lato09-1.jpg\" alt=\"\" class=\"wp-image-4672\" srcset=\"https:\/\/justynabronowska.pl\/fotografia\/wp-content\/uploads\/sites\/3\/2026\/03\/fotograf_beskidy_bielsko_lato09-1.jpg 1800w, https:\/\/justynabronowska.pl\/fotografia\/wp-content\/uploads\/sites\/3\/2026\/03\/fotograf_beskidy_bielsko_lato09-1-1024x683.jpg 1024w, https:\/\/justynabronowska.pl\/fotografia\/wp-content\/uploads\/sites\/3\/2026\/03\/fotograf_beskidy_bielsko_lato09-1-768x512.jpg 768w, https:\/\/justynabronowska.pl\/fotografia\/wp-content\/uploads\/sites\/3\/2026\/03\/fotograf_beskidy_bielsko_lato09-1-1536x1024.jpg 1536w\" sizes=\"auto, (max-width: 1800px) 100vw, 1800px\" \/><\/figure>\n\n\n\n<figure class=\"wp-block-image size-large\"><img loading=\"lazy\" decoding=\"async\" width=\"1800\" height=\"1200\" data-id=\"4700\" src=\"https:\/\/justynabronowska.pl\/fotografia\/wp-content\/uploads\/sites\/3\/2026\/03\/fotograf_beskidy_bielsko_lato10.jpg\" alt=\"\" class=\"wp-image-4700\" srcset=\"https:\/\/justynabronowska.pl\/fotografia\/wp-content\/uploads\/sites\/3\/2026\/03\/fotograf_beskidy_bielsko_lato10.jpg 1800w, https:\/\/justynabronowska.pl\/fotografia\/wp-content\/uploads\/sites\/3\/2026\/03\/fotograf_beskidy_bielsko_lato10-1024x683.jpg 1024w, https:\/\/justynabronowska.pl\/fotografia\/wp-content\/uploads\/sites\/3\/2026\/03\/fotograf_beskidy_bielsko_lato10-768x512.jpg 768w, https:\/\/justynabronowska.pl\/fotografia\/wp-content\/uploads\/sites\/3\/2026\/03\/fotograf_beskidy_bielsko_lato10-1536x1024.jpg 1536w\" sizes=\"auto, (max-width: 1800px) 100vw, 1800px\" \/><\/figure>\n\n\n\n<figure class=\"wp-block-image size-large\"><img loading=\"lazy\" decoding=\"async\" width=\"590\" height=\"393\" data-id=\"4649\" src=\"https:\/\/justynabronowska.pl\/fotografia\/wp-content\/uploads\/sites\/3\/2026\/03\/fotograf_beskidy_bielsko_lato12-1.jpg\" alt=\"\" class=\"wp-image-4649\"\/><\/figure>\n\n\n\n<figure class=\"wp-block-image size-large\"><img loading=\"lazy\" decoding=\"async\" width=\"1800\" height=\"1200\" data-id=\"4707\" src=\"https:\/\/justynabronowska.pl\/fotografia\/wp-content\/uploads\/sites\/3\/2026\/03\/fotograf_beskidy_bielsko_lato15-1.jpg\" alt=\"\" class=\"wp-image-4707\" srcset=\"https:\/\/justynabronowska.pl\/fotografia\/wp-content\/uploads\/sites\/3\/2026\/03\/fotograf_beskidy_bielsko_lato15-1.jpg 1800w, https:\/\/justynabronowska.pl\/fotografia\/wp-content\/uploads\/sites\/3\/2026\/03\/fotograf_beskidy_bielsko_lato15-1-1024x683.jpg 1024w, https:\/\/justynabronowska.pl\/fotografia\/wp-content\/uploads\/sites\/3\/2026\/03\/fotograf_beskidy_bielsko_lato15-1-768x512.jpg 768w, https:\/\/justynabronowska.pl\/fotografia\/wp-content\/uploads\/sites\/3\/2026\/03\/fotograf_beskidy_bielsko_lato15-1-1536x1024.jpg 1536w\" sizes=\"auto, (max-width: 1800px) 100vw, 1800px\" \/><\/figure>\n\n\n\n<figure class=\"wp-block-image size-large\"><img loading=\"lazy\" decoding=\"async\" width=\"1800\" height=\"1200\" data-id=\"4696\" src=\"https:\/\/justynabronowska.pl\/fotografia\/wp-content\/uploads\/sites\/3\/2026\/03\/fotograf_beskidy_bielsko_lato16-1.jpg\" alt=\"\" class=\"wp-image-4696\" srcset=\"https:\/\/justynabronowska.pl\/fotografia\/wp-content\/uploads\/sites\/3\/2026\/03\/fotograf_beskidy_bielsko_lato16-1.jpg 1800w, https:\/\/justynabronowska.pl\/fotografia\/wp-content\/uploads\/sites\/3\/2026\/03\/fotograf_beskidy_bielsko_lato16-1-1024x683.jpg 1024w, https:\/\/justynabronowska.pl\/fotografia\/wp-content\/uploads\/sites\/3\/2026\/03\/fotograf_beskidy_bielsko_lato16-1-768x512.jpg 768w, https:\/\/justynabronowska.pl\/fotografia\/wp-content\/uploads\/sites\/3\/2026\/03\/fotograf_beskidy_bielsko_lato16-1-1536x1024.jpg 1536w\" sizes=\"auto, (max-width: 1800px) 100vw, 1800px\" \/><\/figure>\n\n\n\n<figure class=\"wp-block-image size-large\"><img loading=\"lazy\" decoding=\"async\" width=\"1800\" height=\"1200\" data-id=\"4703\" src=\"https:\/\/justynabronowska.pl\/fotografia\/wp-content\/uploads\/sites\/3\/2026\/03\/fotograf_beskidy_bielsko_lato17.jpg\" alt=\"\" class=\"wp-image-4703\" srcset=\"https:\/\/justynabronowska.pl\/fotografia\/wp-content\/uploads\/sites\/3\/2026\/03\/fotograf_beskidy_bielsko_lato17.jpg 1800w, https:\/\/justynabronowska.pl\/fotografia\/wp-content\/uploads\/sites\/3\/2026\/03\/fotograf_beskidy_bielsko_lato17-1024x683.jpg 1024w, https:\/\/justynabronowska.pl\/fotografia\/wp-content\/uploads\/sites\/3\/2026\/03\/fotograf_beskidy_bielsko_lato17-768x512.jpg 768w, https:\/\/justynabronowska.pl\/fotografia\/wp-content\/uploads\/sites\/3\/2026\/03\/fotograf_beskidy_bielsko_lato17-1536x1024.jpg 1536w\" sizes=\"auto, (max-width: 1800px) 100vw, 1800px\" \/><\/figure>\n\n\n\n<figure class=\"wp-block-image size-large\"><img loading=\"lazy\" decoding=\"async\" width=\"1800\" height=\"1200\" data-id=\"4686\" src=\"https:\/\/justynabronowska.pl\/fotografia\/wp-content\/uploads\/sites\/3\/2026\/03\/fotograf_beskidy_bielsko_lato18-2.jpg\" alt=\"\" class=\"wp-image-4686\" srcset=\"https:\/\/justynabronowska.pl\/fotografia\/wp-content\/uploads\/sites\/3\/2026\/03\/fotograf_beskidy_bielsko_lato18-2.jpg 1800w, https:\/\/justynabronowska.pl\/fotografia\/wp-content\/uploads\/sites\/3\/2026\/03\/fotograf_beskidy_bielsko_lato18-2-1024x683.jpg 1024w, https:\/\/justynabronowska.pl\/fotografia\/wp-content\/uploads\/sites\/3\/2026\/03\/fotograf_beskidy_bielsko_lato18-2-768x512.jpg 768w, https:\/\/justynabronowska.pl\/fotografia\/wp-content\/uploads\/sites\/3\/2026\/03\/fotograf_beskidy_bielsko_lato18-2-1536x1024.jpg 1536w\" sizes=\"auto, (max-width: 1800px) 100vw, 1800px\" \/><\/figure>\n\n\n\n<figure class=\"wp-block-image size-large\"><img loading=\"lazy\" decoding=\"async\" width=\"1800\" height=\"1200\" data-id=\"4693\" src=\"https:\/\/justynabronowska.pl\/fotografia\/wp-content\/uploads\/sites\/3\/2026\/03\/fotograf_beskidy_bielsko_lato19.jpg\" alt=\"\" class=\"wp-image-4693\" srcset=\"https:\/\/justynabronowska.pl\/fotografia\/wp-content\/uploads\/sites\/3\/2026\/03\/fotograf_beskidy_bielsko_lato19.jpg 1800w, https:\/\/justynabronowska.pl\/fotografia\/wp-content\/uploads\/sites\/3\/2026\/03\/fotograf_beskidy_bielsko_lato19-1024x683.jpg 1024w, https:\/\/justynabronowska.pl\/fotografia\/wp-content\/uploads\/sites\/3\/2026\/03\/fotograf_beskidy_bielsko_lato19-768x512.jpg 768w, https:\/\/justynabronowska.pl\/fotografia\/wp-content\/uploads\/sites\/3\/2026\/03\/fotograf_beskidy_bielsko_lato19-1536x1024.jpg 1536w\" sizes=\"auto, (max-width: 1800px) 100vw, 1800px\" \/><\/figure>\n\n\n\n<figure class=\"wp-block-image size-large\"><img loading=\"lazy\" decoding=\"async\" width=\"1800\" height=\"1200\" data-id=\"4701\" src=\"https:\/\/justynabronowska.pl\/fotografia\/wp-content\/uploads\/sites\/3\/2026\/03\/fotograf_beskidy_bielsko_lato20-1.jpg\" alt=\"\" class=\"wp-image-4701\" srcset=\"https:\/\/justynabronowska.pl\/fotografia\/wp-content\/uploads\/sites\/3\/2026\/03\/fotograf_beskidy_bielsko_lato20-1.jpg 1800w, https:\/\/justynabronowska.pl\/fotografia\/wp-content\/uploads\/sites\/3\/2026\/03\/fotograf_beskidy_bielsko_lato20-1-1024x683.jpg 1024w, https:\/\/justynabronowska.pl\/fotografia\/wp-content\/uploads\/sites\/3\/2026\/03\/fotograf_beskidy_bielsko_lato20-1-768x512.jpg 768w, https:\/\/justynabronowska.pl\/fotografia\/wp-content\/uploads\/sites\/3\/2026\/03\/fotograf_beskidy_bielsko_lato20-1-1536x1024.jpg 1536w\" sizes=\"auto, (max-width: 1800px) 100vw, 1800px\" \/><\/figure>\n\n\n\n<figure class=\"wp-block-image size-large\"><img loading=\"lazy\" decoding=\"async\" width=\"1800\" height=\"1200\" data-id=\"4704\" src=\"https:\/\/justynabronowska.pl\/fotografia\/wp-content\/uploads\/sites\/3\/2026\/03\/fotograf_beskidy_bielsko_lato21.jpg\" alt=\"\" class=\"wp-image-4704\" srcset=\"https:\/\/justynabronowska.pl\/fotografia\/wp-content\/uploads\/sites\/3\/2026\/03\/fotograf_beskidy_bielsko_lato21.jpg 1800w, https:\/\/justynabronowska.pl\/fotografia\/wp-content\/uploads\/sites\/3\/2026\/03\/fotograf_beskidy_bielsko_lato21-1024x683.jpg 1024w, https:\/\/justynabronowska.pl\/fotografia\/wp-content\/uploads\/sites\/3\/2026\/03\/fotograf_beskidy_bielsko_lato21-768x512.jpg 768w, https:\/\/justynabronowska.pl\/fotografia\/wp-content\/uploads\/sites\/3\/2026\/03\/fotograf_beskidy_bielsko_lato21-1536x1024.jpg 1536w\" sizes=\"auto, (max-width: 1800px) 100vw, 1800px\" \/><\/figure>\n\n\n\n<figure class=\"wp-block-image size-large\"><img loading=\"lazy\" decoding=\"async\" width=\"1800\" height=\"1200\" data-id=\"4712\" src=\"https:\/\/justynabronowska.pl\/fotografia\/wp-content\/uploads\/sites\/3\/2026\/03\/fotograf_beskidy_bielsko_lato22.jpg\" alt=\"\" class=\"wp-image-4712\" srcset=\"https:\/\/justynabronowska.pl\/fotografia\/wp-content\/uploads\/sites\/3\/2026\/03\/fotograf_beskidy_bielsko_lato22.jpg 1800w, https:\/\/justynabronowska.pl\/fotografia\/wp-content\/uploads\/sites\/3\/2026\/03\/fotograf_beskidy_bielsko_lato22-1024x683.jpg 1024w, https:\/\/justynabronowska.pl\/fotografia\/wp-content\/uploads\/sites\/3\/2026\/03\/fotograf_beskidy_bielsko_lato22-768x512.jpg 768w, https:\/\/justynabronowska.pl\/fotografia\/wp-content\/uploads\/sites\/3\/2026\/03\/fotograf_beskidy_bielsko_lato22-1536x1024.jpg 1536w\" sizes=\"auto, (max-width: 1800px) 100vw, 1800px\" \/><\/figure>\n\n\n\n<figure class=\"wp-block-image size-large\"><img loading=\"lazy\" decoding=\"async\" width=\"1800\" height=\"1200\" data-id=\"4697\" src=\"https:\/\/justynabronowska.pl\/fotografia\/wp-content\/uploads\/sites\/3\/2026\/03\/fotograf_beskidy_bielsko_lato23.jpg\" alt=\"\" class=\"wp-image-4697\" srcset=\"https:\/\/justynabronowska.pl\/fotografia\/wp-content\/uploads\/sites\/3\/2026\/03\/fotograf_beskidy_bielsko_lato23.jpg 1800w, https:\/\/justynabronowska.pl\/fotografia\/wp-content\/uploads\/sites\/3\/2026\/03\/fotograf_beskidy_bielsko_lato23-1024x683.jpg 1024w, https:\/\/justynabronowska.pl\/fotografia\/wp-content\/uploads\/sites\/3\/2026\/03\/fotograf_beskidy_bielsko_lato23-768x512.jpg 768w, https:\/\/justynabronowska.pl\/fotografia\/wp-content\/uploads\/sites\/3\/2026\/03\/fotograf_beskidy_bielsko_lato23-1536x1024.jpg 1536w\" sizes=\"auto, (max-width: 1800px) 100vw, 1800px\" \/><\/figure>\n\n\n\n<figure class=\"wp-block-image size-large\"><img loading=\"lazy\" decoding=\"async\" width=\"1800\" height=\"1200\" data-id=\"4705\" src=\"https:\/\/justynabronowska.pl\/fotografia\/wp-content\/uploads\/sites\/3\/2026\/03\/fotograf_beskidy_bielsko_lato25.jpg\" alt=\"\" class=\"wp-image-4705\" srcset=\"https:\/\/justynabronowska.pl\/fotografia\/wp-content\/uploads\/sites\/3\/2026\/03\/fotograf_beskidy_bielsko_lato25.jpg 1800w, https:\/\/justynabronowska.pl\/fotografia\/wp-content\/uploads\/sites\/3\/2026\/03\/fotograf_beskidy_bielsko_lato25-1024x683.jpg 1024w, https:\/\/justynabronowska.pl\/fotografia\/wp-content\/uploads\/sites\/3\/2026\/03\/fotograf_beskidy_bielsko_lato25-768x512.jpg 768w, https:\/\/justynabronowska.pl\/fotografia\/wp-content\/uploads\/sites\/3\/2026\/03\/fotograf_beskidy_bielsko_lato25-1536x1024.jpg 1536w\" sizes=\"auto, (max-width: 1800px) 100vw, 1800px\" \/><\/figure>\n\n\n\n<figure class=\"wp-block-image size-large\"><img loading=\"lazy\" decoding=\"async\" width=\"1800\" height=\"1200\" data-id=\"4690\" src=\"https:\/\/justynabronowska.pl\/fotografia\/wp-content\/uploads\/sites\/3\/2026\/03\/fotograf_beskidy_bielsko_lato27-1.jpg\" alt=\"\" class=\"wp-image-4690\" srcset=\"https:\/\/justynabronowska.pl\/fotografia\/wp-content\/uploads\/sites\/3\/2026\/03\/fotograf_beskidy_bielsko_lato27-1.jpg 1800w, https:\/\/justynabronowska.pl\/fotografia\/wp-content\/uploads\/sites\/3\/2026\/03\/fotograf_beskidy_bielsko_lato27-1-1024x683.jpg 1024w, https:\/\/justynabronowska.pl\/fotografia\/wp-content\/uploads\/sites\/3\/2026\/03\/fotograf_beskidy_bielsko_lato27-1-768x512.jpg 768w, https:\/\/justynabronowska.pl\/fotografia\/wp-content\/uploads\/sites\/3\/2026\/03\/fotograf_beskidy_bielsko_lato27-1-1536x1024.jpg 1536w\" sizes=\"auto, (max-width: 1800px) 100vw, 1800px\" \/><\/figure>\n\n\n\n<figure class=\"wp-block-image size-large\"><img loading=\"lazy\" decoding=\"async\" width=\"1800\" height=\"1200\" data-id=\"4683\" src=\"https:\/\/justynabronowska.pl\/fotografia\/wp-content\/uploads\/sites\/3\/2026\/03\/fotograf_beskidy_bielsko_lato26.jpg\" alt=\"\" class=\"wp-image-4683\" srcset=\"https:\/\/justynabronowska.pl\/fotografia\/wp-content\/uploads\/sites\/3\/2026\/03\/fotograf_beskidy_bielsko_lato26.jpg 1800w, https:\/\/justynabronowska.pl\/fotografia\/wp-content\/uploads\/sites\/3\/2026\/03\/fotograf_beskidy_bielsko_lato26-1024x683.jpg 1024w, https:\/\/justynabronowska.pl\/fotografia\/wp-content\/uploads\/sites\/3\/2026\/03\/fotograf_beskidy_bielsko_lato26-768x512.jpg 768w, https:\/\/justynabronowska.pl\/fotografia\/wp-content\/uploads\/sites\/3\/2026\/03\/fotograf_beskidy_bielsko_lato26-1536x1024.jpg 1536w\" sizes=\"auto, (max-width: 1800px) 100vw, 1800px\" \/><\/figure>\n\n\n\n<figure class=\"wp-block-image size-large\"><img loading=\"lazy\" decoding=\"async\" width=\"1600\" height=\"1067\" data-id=\"4681\" src=\"https:\/\/justynabronowska.pl\/fotografia\/wp-content\/uploads\/sites\/3\/2026\/03\/fotograf_beskidy_bielsko_lato18-1.jpg\" alt=\"\" class=\"wp-image-4681\" srcset=\"https:\/\/justynabronowska.pl\/fotografia\/wp-content\/uploads\/sites\/3\/2026\/03\/fotograf_beskidy_bielsko_lato18-1.jpg 1600w, https:\/\/justynabronowska.pl\/fotografia\/wp-content\/uploads\/sites\/3\/2026\/03\/fotograf_beskidy_bielsko_lato18-1-1024x683.jpg 1024w, https:\/\/justynabronowska.pl\/fotografia\/wp-content\/uploads\/sites\/3\/2026\/03\/fotograf_beskidy_bielsko_lato18-1-768x512.jpg 768w, https:\/\/justynabronowska.pl\/fotografia\/wp-content\/uploads\/sites\/3\/2026\/03\/fotograf_beskidy_bielsko_lato18-1-1536x1024.jpg 1536w\" sizes=\"auto, (max-width: 1600px) 100vw, 1600px\" \/><\/figure>\n\n\n\n<figure class=\"wp-block-image size-large\"><img loading=\"lazy\" decoding=\"async\" width=\"1600\" height=\"1067\" data-id=\"4698\" src=\"https:\/\/justynabronowska.pl\/fotografia\/wp-content\/uploads\/sites\/3\/2026\/03\/fotograf_beskidy_bielsko_lato17-1.jpg\" alt=\"\" class=\"wp-image-4698\" srcset=\"https:\/\/justynabronowska.pl\/fotografia\/wp-content\/uploads\/sites\/3\/2026\/03\/fotograf_beskidy_bielsko_lato17-1.jpg 1600w, https:\/\/justynabronowska.pl\/fotografia\/wp-content\/uploads\/sites\/3\/2026\/03\/fotograf_beskidy_bielsko_lato17-1-1024x683.jpg 1024w, https:\/\/justynabronowska.pl\/fotografia\/wp-content\/uploads\/sites\/3\/2026\/03\/fotograf_beskidy_bielsko_lato17-1-768x512.jpg 768w, https:\/\/justynabronowska.pl\/fotografia\/wp-content\/uploads\/sites\/3\/2026\/03\/fotograf_beskidy_bielsko_lato17-1-1536x1024.jpg 1536w\" sizes=\"auto, (max-width: 1600px) 100vw, 1600px\" \/><\/figure>\n\n\n\n<figure class=\"wp-block-image size-large\"><img loading=\"lazy\" decoding=\"async\" width=\"1600\" height=\"1067\" data-id=\"4650\" src=\"https:\/\/justynabronowska.pl\/fotografia\/wp-content\/uploads\/sites\/3\/2026\/03\/fotograf_beskidy_bielsko_wiosna01-1-1.jpg\" alt=\"\" class=\"wp-image-4650\" srcset=\"https:\/\/justynabronowska.pl\/fotografia\/wp-content\/uploads\/sites\/3\/2026\/03\/fotograf_beskidy_bielsko_wiosna01-1-1.jpg 1600w, https:\/\/justynabronowska.pl\/fotografia\/wp-content\/uploads\/sites\/3\/2026\/03\/fotograf_beskidy_bielsko_wiosna01-1-1-1024x683.jpg 1024w, https:\/\/justynabronowska.pl\/fotografia\/wp-content\/uploads\/sites\/3\/2026\/03\/fotograf_beskidy_bielsko_wiosna01-1-1-768x512.jpg 768w, https:\/\/justynabronowska.pl\/fotografia\/wp-content\/uploads\/sites\/3\/2026\/03\/fotograf_beskidy_bielsko_wiosna01-1-1-1536x1024.jpg 1536w\" sizes=\"auto, (max-width: 1600px) 100vw, 1600px\" \/><\/figure>\n\n\n\n<figure class=\"wp-block-image size-large\"><img loading=\"lazy\" decoding=\"async\" width=\"1600\" height=\"1067\" data-id=\"4656\" src=\"https:\/\/justynabronowska.pl\/fotografia\/wp-content\/uploads\/sites\/3\/2026\/03\/fotograf_beskidy_bielsko_lato28-2.jpg\" alt=\"\" class=\"wp-image-4656\" srcset=\"https:\/\/justynabronowska.pl\/fotografia\/wp-content\/uploads\/sites\/3\/2026\/03\/fotograf_beskidy_bielsko_lato28-2.jpg 1600w, https:\/\/justynabronowska.pl\/fotografia\/wp-content\/uploads\/sites\/3\/2026\/03\/fotograf_beskidy_bielsko_lato28-2-1024x683.jpg 1024w, https:\/\/justynabronowska.pl\/fotografia\/wp-content\/uploads\/sites\/3\/2026\/03\/fotograf_beskidy_bielsko_lato28-2-768x512.jpg 768w, https:\/\/justynabronowska.pl\/fotografia\/wp-content\/uploads\/sites\/3\/2026\/03\/fotograf_beskidy_bielsko_lato28-2-1536x1024.jpg 1536w\" sizes=\"auto, (max-width: 1600px) 100vw, 1600px\" \/><\/figure>\n\n\n\n<figure class=\"wp-block-image size-large\"><img loading=\"lazy\" decoding=\"async\" width=\"1600\" height=\"1067\" data-id=\"4661\" src=\"https:\/\/justynabronowska.pl\/fotografia\/wp-content\/uploads\/sites\/3\/2026\/03\/fotograf_beskidy_bielsko_lato29-2.jpg\" alt=\"\" class=\"wp-image-4661\" srcset=\"https:\/\/justynabronowska.pl\/fotografia\/wp-content\/uploads\/sites\/3\/2026\/03\/fotograf_beskidy_bielsko_lato29-2.jpg 1600w, https:\/\/justynabronowska.pl\/fotografia\/wp-content\/uploads\/sites\/3\/2026\/03\/fotograf_beskidy_bielsko_lato29-2-1024x683.jpg 1024w, https:\/\/justynabronowska.pl\/fotografia\/wp-content\/uploads\/sites\/3\/2026\/03\/fotograf_beskidy_bielsko_lato29-2-768x512.jpg 768w, https:\/\/justynabronowska.pl\/fotografia\/wp-content\/uploads\/sites\/3\/2026\/03\/fotograf_beskidy_bielsko_lato29-2-1536x1024.jpg 1536w\" sizes=\"auto, (max-width: 1600px) 100vw, 1600px\" \/><\/figure>\n\n\n\n<figure class=\"wp-block-image size-large\"><img loading=\"lazy\" decoding=\"async\" width=\"1600\" height=\"1067\" data-id=\"4658\" src=\"https:\/\/justynabronowska.pl\/fotografia\/wp-content\/uploads\/sites\/3\/2026\/03\/fotograf_beskidy_bielsko_lato30-1.jpg\" alt=\"\" class=\"wp-image-4658\" srcset=\"https:\/\/justynabronowska.pl\/fotografia\/wp-content\/uploads\/sites\/3\/2026\/03\/fotograf_beskidy_bielsko_lato30-1.jpg 1600w, https:\/\/justynabronowska.pl\/fotografia\/wp-content\/uploads\/sites\/3\/2026\/03\/fotograf_beskidy_bielsko_lato30-1-1024x683.jpg 1024w, https:\/\/justynabronowska.pl\/fotografia\/wp-content\/uploads\/sites\/3\/2026\/03\/fotograf_beskidy_bielsko_lato30-1-768x512.jpg 768w, https:\/\/justynabronowska.pl\/fotografia\/wp-content\/uploads\/sites\/3\/2026\/03\/fotograf_beskidy_bielsko_lato30-1-1536x1024.jpg 1536w\" sizes=\"auto, (max-width: 1600px) 100vw, 1600px\" \/><\/figure>\n\n\n\n<figure class=\"wp-block-image size-large\"><img loading=\"lazy\" decoding=\"async\" width=\"1600\" height=\"1067\" data-id=\"4665\" src=\"https:\/\/justynabronowska.pl\/fotografia\/wp-content\/uploads\/sites\/3\/2026\/03\/fotograf_beskidy_bielsko_lato31.jpg\" alt=\"\" class=\"wp-image-4665\" srcset=\"https:\/\/justynabronowska.pl\/fotografia\/wp-content\/uploads\/sites\/3\/2026\/03\/fotograf_beskidy_bielsko_lato31.jpg 1600w, https:\/\/justynabronowska.pl\/fotografia\/wp-content\/uploads\/sites\/3\/2026\/03\/fotograf_beskidy_bielsko_lato31-1024x683.jpg 1024w, https:\/\/justynabronowska.pl\/fotografia\/wp-content\/uploads\/sites\/3\/2026\/03\/fotograf_beskidy_bielsko_lato31-768x512.jpg 768w, https:\/\/justynabronowska.pl\/fotografia\/wp-content\/uploads\/sites\/3\/2026\/03\/fotograf_beskidy_bielsko_lato31-1536x1024.jpg 1536w\" sizes=\"auto, (max-width: 1600px) 100vw, 1600px\" \/><\/figure>\n\n\n\n<figure class=\"wp-block-image size-large\"><img loading=\"lazy\" decoding=\"async\" width=\"1600\" height=\"1067\" data-id=\"4678\" src=\"https:\/\/justynabronowska.pl\/fotografia\/wp-content\/uploads\/sites\/3\/2026\/03\/fotograf_beskidy_bielsko_lato32-1.jpg\" alt=\"\" class=\"wp-image-4678\" srcset=\"https:\/\/justynabronowska.pl\/fotografia\/wp-content\/uploads\/sites\/3\/2026\/03\/fotograf_beskidy_bielsko_lato32-1.jpg 1600w, https:\/\/justynabronowska.pl\/fotografia\/wp-content\/uploads\/sites\/3\/2026\/03\/fotograf_beskidy_bielsko_lato32-1-1024x683.jpg 1024w, https:\/\/justynabronowska.pl\/fotografia\/wp-content\/uploads\/sites\/3\/2026\/03\/fotograf_beskidy_bielsko_lato32-1-768x512.jpg 768w, https:\/\/justynabronowska.pl\/fotografia\/wp-content\/uploads\/sites\/3\/2026\/03\/fotograf_beskidy_bielsko_lato32-1-1536x1024.jpg 1536w\" sizes=\"auto, (max-width: 1600px) 100vw, 1600px\" \/><\/figure>\n\n\n\n<figure class=\"wp-block-image size-large\"><img loading=\"lazy\" decoding=\"async\" width=\"1600\" height=\"1067\" data-id=\"4655\" src=\"https:\/\/justynabronowska.pl\/fotografia\/wp-content\/uploads\/sites\/3\/2026\/03\/fotograf_beskidy_bielsko_lato33.jpg\" alt=\"\" class=\"wp-image-4655\" srcset=\"https:\/\/justynabronowska.pl\/fotografia\/wp-content\/uploads\/sites\/3\/2026\/03\/fotograf_beskidy_bielsko_lato33.jpg 1600w, https:\/\/justynabronowska.pl\/fotografia\/wp-content\/uploads\/sites\/3\/2026\/03\/fotograf_beskidy_bielsko_lato33-1024x683.jpg 1024w, https:\/\/justynabronowska.pl\/fotografia\/wp-content\/uploads\/sites\/3\/2026\/03\/fotograf_beskidy_bielsko_lato33-768x512.jpg 768w, https:\/\/justynabronowska.pl\/fotografia\/wp-content\/uploads\/sites\/3\/2026\/03\/fotograf_beskidy_bielsko_lato33-1536x1024.jpg 1536w\" sizes=\"auto, (max-width: 1600px) 100vw, 1600px\" \/><\/figure>\n\n\n\n<figure class=\"wp-block-image size-large\"><img loading=\"lazy\" decoding=\"async\" width=\"1600\" height=\"1067\" data-id=\"4654\" src=\"https:\/\/justynabronowska.pl\/fotografia\/wp-content\/uploads\/sites\/3\/2026\/03\/fotograf_beskidy_bielsko_lato34.jpg\" alt=\"\" class=\"wp-image-4654\" srcset=\"https:\/\/justynabronowska.pl\/fotografia\/wp-content\/uploads\/sites\/3\/2026\/03\/fotograf_beskidy_bielsko_lato34.jpg 1600w, https:\/\/justynabronowska.pl\/fotografia\/wp-content\/uploads\/sites\/3\/2026\/03\/fotograf_beskidy_bielsko_lato34-1024x683.jpg 1024w, https:\/\/justynabronowska.pl\/fotografia\/wp-content\/uploads\/sites\/3\/2026\/03\/fotograf_beskidy_bielsko_lato34-768x512.jpg 768w, https:\/\/justynabronowska.pl\/fotografia\/wp-content\/uploads\/sites\/3\/2026\/03\/fotograf_beskidy_bielsko_lato34-1536x1024.jpg 1536w\" sizes=\"auto, (max-width: 1600px) 100vw, 1600px\" \/><\/figure>\n\n\n\n<figure class=\"wp-block-image size-large\"><img loading=\"lazy\" decoding=\"async\" width=\"1600\" height=\"1067\" data-id=\"4676\" src=\"https:\/\/justynabronowska.pl\/fotografia\/wp-content\/uploads\/sites\/3\/2026\/03\/fotograf_beskidy_bielsko_lato35-1.jpg\" alt=\"\" class=\"wp-image-4676\" srcset=\"https:\/\/justynabronowska.pl\/fotografia\/wp-content\/uploads\/sites\/3\/2026\/03\/fotograf_beskidy_bielsko_lato35-1.jpg 1600w, https:\/\/justynabronowska.pl\/fotografia\/wp-content\/uploads\/sites\/3\/2026\/03\/fotograf_beskidy_bielsko_lato35-1-1024x683.jpg 1024w, https:\/\/justynabronowska.pl\/fotografia\/wp-content\/uploads\/sites\/3\/2026\/03\/fotograf_beskidy_bielsko_lato35-1-768x512.jpg 768w, https:\/\/justynabronowska.pl\/fotografia\/wp-content\/uploads\/sites\/3\/2026\/03\/fotograf_beskidy_bielsko_lato35-1-1536x1024.jpg 1536w\" sizes=\"auto, (max-width: 1600px) 100vw, 1600px\" \/><\/figure>\n\n\n\n<figure class=\"wp-block-image size-large\"><img loading=\"lazy\" decoding=\"async\" width=\"1600\" height=\"1067\" data-id=\"4709\" src=\"https:\/\/justynabronowska.pl\/fotografia\/wp-content\/uploads\/sites\/3\/2026\/03\/fotograf_beskidy_bielsko_lato36-1.jpg\" alt=\"\" class=\"wp-image-4709\" srcset=\"https:\/\/justynabronowska.pl\/fotografia\/wp-content\/uploads\/sites\/3\/2026\/03\/fotograf_beskidy_bielsko_lato36-1.jpg 1600w, https:\/\/justynabronowska.pl\/fotografia\/wp-content\/uploads\/sites\/3\/2026\/03\/fotograf_beskidy_bielsko_lato36-1-1024x683.jpg 1024w, https:\/\/justynabronowska.pl\/fotografia\/wp-content\/uploads\/sites\/3\/2026\/03\/fotograf_beskidy_bielsko_lato36-1-768x512.jpg 768w, https:\/\/justynabronowska.pl\/fotografia\/wp-content\/uploads\/sites\/3\/2026\/03\/fotograf_beskidy_bielsko_lato36-1-1536x1024.jpg 1536w\" sizes=\"auto, (max-width: 1600px) 100vw, 1600px\" \/><\/figure>\n\n\n\n<figure class=\"wp-block-image size-large\"><img loading=\"lazy\" decoding=\"async\" width=\"1600\" height=\"1067\" data-id=\"4711\" src=\"https:\/\/justynabronowska.pl\/fotografia\/wp-content\/uploads\/sites\/3\/2026\/03\/fotograf_beskidy_bielsko_lato37-1.jpg\" alt=\"\" class=\"wp-image-4711\" srcset=\"https:\/\/justynabronowska.pl\/fotografia\/wp-content\/uploads\/sites\/3\/2026\/03\/fotograf_beskidy_bielsko_lato37-1.jpg 1600w, https:\/\/justynabronowska.pl\/fotografia\/wp-content\/uploads\/sites\/3\/2026\/03\/fotograf_beskidy_bielsko_lato37-1-1024x683.jpg 1024w, https:\/\/justynabronowska.pl\/fotografia\/wp-content\/uploads\/sites\/3\/2026\/03\/fotograf_beskidy_bielsko_lato37-1-768x512.jpg 768w, https:\/\/justynabronowska.pl\/fotografia\/wp-content\/uploads\/sites\/3\/2026\/03\/fotograf_beskidy_bielsko_lato37-1-1536x1024.jpg 1536w\" sizes=\"auto, (max-width: 1600px) 100vw, 1600px\" \/><\/figure>\n\n\n\n<figure class=\"wp-block-image size-large\"><img loading=\"lazy\" decoding=\"async\" width=\"1600\" height=\"1067\" data-id=\"4671\" src=\"https:\/\/justynabronowska.pl\/fotografia\/wp-content\/uploads\/sites\/3\/2026\/03\/fotograf_beskidy_bielsko_lato40-1.jpg\" alt=\"\" class=\"wp-image-4671\" srcset=\"https:\/\/justynabronowska.pl\/fotografia\/wp-content\/uploads\/sites\/3\/2026\/03\/fotograf_beskidy_bielsko_lato40-1.jpg 1600w, https:\/\/justynabronowska.pl\/fotografia\/wp-content\/uploads\/sites\/3\/2026\/03\/fotograf_beskidy_bielsko_lato40-1-1024x683.jpg 1024w, https:\/\/justynabronowska.pl\/fotografia\/wp-content\/uploads\/sites\/3\/2026\/03\/fotograf_beskidy_bielsko_lato40-1-768x512.jpg 768w, https:\/\/justynabronowska.pl\/fotografia\/wp-content\/uploads\/sites\/3\/2026\/03\/fotograf_beskidy_bielsko_lato40-1-1536x1024.jpg 1536w\" sizes=\"auto, (max-width: 1600px) 100vw, 1600px\" \/><\/figure>\n\n\n\n<figure class=\"wp-block-image size-large\"><img loading=\"lazy\" decoding=\"async\" width=\"1600\" height=\"1067\" data-id=\"4667\" src=\"https:\/\/justynabronowska.pl\/fotografia\/wp-content\/uploads\/sites\/3\/2026\/03\/fotograf_beskidy_bielsko_lato38-1.jpg\" alt=\"\" class=\"wp-image-4667\" srcset=\"https:\/\/justynabronowska.pl\/fotografia\/wp-content\/uploads\/sites\/3\/2026\/03\/fotograf_beskidy_bielsko_lato38-1.jpg 1600w, https:\/\/justynabronowska.pl\/fotografia\/wp-content\/uploads\/sites\/3\/2026\/03\/fotograf_beskidy_bielsko_lato38-1-1024x683.jpg 1024w, https:\/\/justynabronowska.pl\/fotografia\/wp-content\/uploads\/sites\/3\/2026\/03\/fotograf_beskidy_bielsko_lato38-1-768x512.jpg 768w, https:\/\/justynabronowska.pl\/fotografia\/wp-content\/uploads\/sites\/3\/2026\/03\/fotograf_beskidy_bielsko_lato38-1-1536x1024.jpg 1536w\" sizes=\"auto, (max-width: 1600px) 100vw, 1600px\" \/><\/figure>\n\n\n\n<figure class=\"wp-block-image size-large\"><img loading=\"lazy\" decoding=\"async\" width=\"1600\" height=\"1067\" data-id=\"4679\" src=\"https:\/\/justynabronowska.pl\/fotografia\/wp-content\/uploads\/sites\/3\/2026\/03\/fotograf_beskidy_bielsko_lato41-1.jpg\" alt=\"\" class=\"wp-image-4679\" srcset=\"https:\/\/justynabronowska.pl\/fotografia\/wp-content\/uploads\/sites\/3\/2026\/03\/fotograf_beskidy_bielsko_lato41-1.jpg 1600w, https:\/\/justynabronowska.pl\/fotografia\/wp-content\/uploads\/sites\/3\/2026\/03\/fotograf_beskidy_bielsko_lato41-1-1024x683.jpg 1024w, https:\/\/justynabronowska.pl\/fotografia\/wp-content\/uploads\/sites\/3\/2026\/03\/fotograf_beskidy_bielsko_lato41-1-768x512.jpg 768w, https:\/\/justynabronowska.pl\/fotografia\/wp-content\/uploads\/sites\/3\/2026\/03\/fotograf_beskidy_bielsko_lato41-1-1536x1024.jpg 1536w\" sizes=\"auto, (max-width: 1600px) 100vw, 1600px\" \/><\/figure>\n\n\n\n<figure class=\"wp-block-image size-large\"><img loading=\"lazy\" decoding=\"async\" width=\"1600\" height=\"1067\" data-id=\"4691\" src=\"https:\/\/justynabronowska.pl\/fotografia\/wp-content\/uploads\/sites\/3\/2026\/03\/fotograf_beskidy_bielsko_lato39.jpg\" alt=\"\" class=\"wp-image-4691\" srcset=\"https:\/\/justynabronowska.pl\/fotografia\/wp-content\/uploads\/sites\/3\/2026\/03\/fotograf_beskidy_bielsko_lato39.jpg 1600w, https:\/\/justynabronowska.pl\/fotografia\/wp-content\/uploads\/sites\/3\/2026\/03\/fotograf_beskidy_bielsko_lato39-1024x683.jpg 1024w, https:\/\/justynabronowska.pl\/fotografia\/wp-content\/uploads\/sites\/3\/2026\/03\/fotograf_beskidy_bielsko_lato39-768x512.jpg 768w, https:\/\/justynabronowska.pl\/fotografia\/wp-content\/uploads\/sites\/3\/2026\/03\/fotograf_beskidy_bielsko_lato39-1536x1024.jpg 1536w\" sizes=\"auto, (max-width: 1600px) 100vw, 1600px\" \/><\/figure>\n\n\n\n<figure class=\"wp-block-image size-large\"><img loading=\"lazy\" decoding=\"async\" width=\"1800\" height=\"1200\" data-id=\"4674\" src=\"https:\/\/justynabronowska.pl\/fotografia\/wp-content\/uploads\/sites\/3\/2026\/03\/fotograf_beskidy_bielsko_wiosna02-1-1.jpg\" alt=\"\" class=\"wp-image-4674\" srcset=\"https:\/\/justynabronowska.pl\/fotografia\/wp-content\/uploads\/sites\/3\/2026\/03\/fotograf_beskidy_bielsko_wiosna02-1-1.jpg 1800w, https:\/\/justynabronowska.pl\/fotografia\/wp-content\/uploads\/sites\/3\/2026\/03\/fotograf_beskidy_bielsko_wiosna02-1-1-1024x683.jpg 1024w, https:\/\/justynabronowska.pl\/fotografia\/wp-content\/uploads\/sites\/3\/2026\/03\/fotograf_beskidy_bielsko_wiosna02-1-1-768x512.jpg 768w, https:\/\/justynabronowska.pl\/fotografia\/wp-content\/uploads\/sites\/3\/2026\/03\/fotograf_beskidy_bielsko_wiosna02-1-1-1536x1024.jpg 1536w\" sizes=\"auto, (max-width: 1800px) 100vw, 1800px\" \/><\/figure>\n\n\n\n<figure class=\"wp-block-image size-large\"><img loading=\"lazy\" decoding=\"async\" width=\"1000\" height=\"1500\" data-id=\"4692\" src=\"https:\/\/justynabronowska.pl\/fotografia\/wp-content\/uploads\/sites\/3\/2026\/03\/fotograf_beskidy_bielsko_wiosna02-1000x1500.jpg\" alt=\"\" class=\"wp-image-4692\" srcset=\"https:\/\/justynabronowska.pl\/fotografia\/wp-content\/uploads\/sites\/3\/2026\/03\/fotograf_beskidy_bielsko_wiosna02-1000x1500.jpg 1000w, https:\/\/justynabronowska.pl\/fotografia\/wp-content\/uploads\/sites\/3\/2026\/03\/fotograf_beskidy_bielsko_wiosna02-683x1024.jpg 683w, https:\/\/justynabronowska.pl\/fotografia\/wp-content\/uploads\/sites\/3\/2026\/03\/fotograf_beskidy_bielsko_wiosna02-768x1152.jpg 768w, https:\/\/justynabronowska.pl\/fotografia\/wp-content\/uploads\/sites\/3\/2026\/03\/fotograf_beskidy_bielsko_wiosna02-1024x1536.jpg 1024w, https:\/\/justynabronowska.pl\/fotografia\/wp-content\/uploads\/sites\/3\/2026\/03\/fotograf_beskidy_bielsko_wiosna02.jpg 1200w\" sizes=\"auto, (max-width: 1000px) 100vw, 1000px\" \/><\/figure>\n\n\n\n<figure class=\"wp-block-image size-large\"><img loading=\"lazy\" decoding=\"async\" width=\"1000\" height=\"1500\" data-id=\"4684\" src=\"https:\/\/justynabronowska.pl\/fotografia\/wp-content\/uploads\/sites\/3\/2026\/03\/fotograf_beskidy_bielsko_wiosna01-1000x1500.jpg\" alt=\"\" class=\"wp-image-4684\" srcset=\"https:\/\/justynabronowska.pl\/fotografia\/wp-content\/uploads\/sites\/3\/2026\/03\/fotograf_beskidy_bielsko_wiosna01-1000x1500.jpg 1000w, https:\/\/justynabronowska.pl\/fotografia\/wp-content\/uploads\/sites\/3\/2026\/03\/fotograf_beskidy_bielsko_wiosna01-683x1024.jpg 683w, https:\/\/justynabronowska.pl\/fotografia\/wp-content\/uploads\/sites\/3\/2026\/03\/fotograf_beskidy_bielsko_wiosna01-768x1152.jpg 768w, https:\/\/justynabronowska.pl\/fotografia\/wp-content\/uploads\/sites\/3\/2026\/03\/fotograf_beskidy_bielsko_wiosna01-1024x1536.jpg 1024w, https:\/\/justynabronowska.pl\/fotografia\/wp-content\/uploads\/sites\/3\/2026\/03\/fotograf_beskidy_bielsko_wiosna01.jpg 1200w\" sizes=\"auto, (max-width: 1000px) 100vw, 1000px\" \/><\/figure>\n\n\n\n<figure class=\"wp-block-image size-large\"><img loading=\"lazy\" decoding=\"async\" width=\"1600\" height=\"1067\" data-id=\"4666\" src=\"https:\/\/justynabronowska.pl\/fotografia\/wp-content\/uploads\/sites\/3\/2026\/03\/fotograf_beskidy_bielsko_lato42-1.jpg\" alt=\"\" class=\"wp-image-4666\" srcset=\"https:\/\/justynabronowska.pl\/fotografia\/wp-content\/uploads\/sites\/3\/2026\/03\/fotograf_beskidy_bielsko_lato42-1.jpg 1600w, https:\/\/justynabronowska.pl\/fotografia\/wp-content\/uploads\/sites\/3\/2026\/03\/fotograf_beskidy_bielsko_lato42-1-1024x683.jpg 1024w, https:\/\/justynabronowska.pl\/fotografia\/wp-content\/uploads\/sites\/3\/2026\/03\/fotograf_beskidy_bielsko_lato42-1-768x512.jpg 768w, https:\/\/justynabronowska.pl\/fotografia\/wp-content\/uploads\/sites\/3\/2026\/03\/fotograf_beskidy_bielsko_lato42-1-1536x1024.jpg 1536w\" sizes=\"auto, (max-width: 1600px) 100vw, 1600px\" \/><\/figure>\n\n\n\n<figure class=\"wp-block-image size-large\"><img loading=\"lazy\" decoding=\"async\" width=\"1800\" height=\"1200\" data-id=\"4677\" src=\"https:\/\/justynabronowska.pl\/fotografia\/wp-content\/uploads\/sites\/3\/2026\/03\/fotograf_beskidy_bielsko_wiosna03-2.jpg\" alt=\"\" class=\"wp-image-4677\" srcset=\"https:\/\/justynabronowska.pl\/fotografia\/wp-content\/uploads\/sites\/3\/2026\/03\/fotograf_beskidy_bielsko_wiosna03-2.jpg 1800w, https:\/\/justynabronowska.pl\/fotografia\/wp-content\/uploads\/sites\/3\/2026\/03\/fotograf_beskidy_bielsko_wiosna03-2-1024x683.jpg 1024w, https:\/\/justynabronowska.pl\/fotografia\/wp-content\/uploads\/sites\/3\/2026\/03\/fotograf_beskidy_bielsko_wiosna03-2-768x512.jpg 768w, https:\/\/justynabronowska.pl\/fotografia\/wp-content\/uploads\/sites\/3\/2026\/03\/fotograf_beskidy_bielsko_wiosna03-2-1536x1024.jpg 1536w\" sizes=\"auto, (max-width: 1800px) 100vw, 1800px\" \/><\/figure>\n\n\n\n<figure class=\"wp-block-image size-large\"><img loading=\"lazy\" decoding=\"async\" width=\"1600\" height=\"1067\" data-id=\"4699\" src=\"https:\/\/justynabronowska.pl\/fotografia\/wp-content\/uploads\/sites\/3\/2026\/03\/fotograf_beskidy_bielsko_zima001.jpg\" alt=\"\" class=\"wp-image-4699\" srcset=\"https:\/\/justynabronowska.pl\/fotografia\/wp-content\/uploads\/sites\/3\/2026\/03\/fotograf_beskidy_bielsko_zima001.jpg 1600w, https:\/\/justynabronowska.pl\/fotografia\/wp-content\/uploads\/sites\/3\/2026\/03\/fotograf_beskidy_bielsko_zima001-1024x683.jpg 1024w, https:\/\/justynabronowska.pl\/fotografia\/wp-content\/uploads\/sites\/3\/2026\/03\/fotograf_beskidy_bielsko_zima001-768x512.jpg 768w, https:\/\/justynabronowska.pl\/fotografia\/wp-content\/uploads\/sites\/3\/2026\/03\/fotograf_beskidy_bielsko_zima001-1536x1024.jpg 1536w\" sizes=\"auto, (max-width: 1600px) 100vw, 1600px\" \/><\/figure>\n\n\n\n<figure class=\"wp-block-image size-large\"><img loading=\"lazy\" decoding=\"async\" width=\"1600\" height=\"1067\" data-id=\"4651\" src=\"https:\/\/justynabronowska.pl\/fotografia\/wp-content\/uploads\/sites\/3\/2026\/03\/fotograf_beskidy_bielsko_wiosna05-1.jpg\" alt=\"\" class=\"wp-image-4651\" srcset=\"https:\/\/justynabronowska.pl\/fotografia\/wp-content\/uploads\/sites\/3\/2026\/03\/fotograf_beskidy_bielsko_wiosna05-1.jpg 1600w, https:\/\/justynabronowska.pl\/fotografia\/wp-content\/uploads\/sites\/3\/2026\/03\/fotograf_beskidy_bielsko_wiosna05-1-1024x683.jpg 1024w, https:\/\/justynabronowska.pl\/fotografia\/wp-content\/uploads\/sites\/3\/2026\/03\/fotograf_beskidy_bielsko_wiosna05-1-768x512.jpg 768w, https:\/\/justynabronowska.pl\/fotografia\/wp-content\/uploads\/sites\/3\/2026\/03\/fotograf_beskidy_bielsko_wiosna05-1-1536x1024.jpg 1536w\" sizes=\"auto, (max-width: 1600px) 100vw, 1600px\" \/><\/figure>\n\n\n\n<figure class=\"wp-block-image size-large\"><img loading=\"lazy\" decoding=\"async\" width=\"1600\" height=\"1067\" data-id=\"4687\" src=\"https:\/\/justynabronowska.pl\/fotografia\/wp-content\/uploads\/sites\/3\/2026\/03\/fotograf_beskidy_bielsko_zima002.jpg\" alt=\"\" class=\"wp-image-4687\" srcset=\"https:\/\/justynabronowska.pl\/fotografia\/wp-content\/uploads\/sites\/3\/2026\/03\/fotograf_beskidy_bielsko_zima002.jpg 1600w, https:\/\/justynabronowska.pl\/fotografia\/wp-content\/uploads\/sites\/3\/2026\/03\/fotograf_beskidy_bielsko_zima002-1024x683.jpg 1024w, https:\/\/justynabronowska.pl\/fotografia\/wp-content\/uploads\/sites\/3\/2026\/03\/fotograf_beskidy_bielsko_zima002-768x512.jpg 768w, https:\/\/justynabronowska.pl\/fotografia\/wp-content\/uploads\/sites\/3\/2026\/03\/fotograf_beskidy_bielsko_zima002-1536x1024.jpg 1536w\" sizes=\"auto, (max-width: 1600px) 100vw, 1600px\" \/><\/figure>\n\n\n\n<figure class=\"wp-block-image size-large\"><img loading=\"lazy\" decoding=\"async\" width=\"1600\" height=\"1067\" data-id=\"4668\" src=\"https:\/\/justynabronowska.pl\/fotografia\/wp-content\/uploads\/sites\/3\/2026\/03\/fotograf_beskidy_bielsko_zima003-1.jpg\" alt=\"\" class=\"wp-image-4668\" srcset=\"https:\/\/justynabronowska.pl\/fotografia\/wp-content\/uploads\/sites\/3\/2026\/03\/fotograf_beskidy_bielsko_zima003-1.jpg 1600w, https:\/\/justynabronowska.pl\/fotografia\/wp-content\/uploads\/sites\/3\/2026\/03\/fotograf_beskidy_bielsko_zima003-1-1024x683.jpg 1024w, https:\/\/justynabronowska.pl\/fotografia\/wp-content\/uploads\/sites\/3\/2026\/03\/fotograf_beskidy_bielsko_zima003-1-768x512.jpg 768w, https:\/\/justynabronowska.pl\/fotografia\/wp-content\/uploads\/sites\/3\/2026\/03\/fotograf_beskidy_bielsko_zima003-1-1536x1024.jpg 1536w\" sizes=\"auto, (max-width: 1600px) 100vw, 1600px\" \/><\/figure>\n\n\n\n<figure class=\"wp-block-image size-large\"><img loading=\"lazy\" decoding=\"async\" width=\"1600\" height=\"1067\" data-id=\"4653\" src=\"https:\/\/justynabronowska.pl\/fotografia\/wp-content\/uploads\/sites\/3\/2026\/03\/fotograf_beskidy_bielsko_zima004.jpg\" alt=\"\" class=\"wp-image-4653\" srcset=\"https:\/\/justynabronowska.pl\/fotografia\/wp-content\/uploads\/sites\/3\/2026\/03\/fotograf_beskidy_bielsko_zima004.jpg 1600w, https:\/\/justynabronowska.pl\/fotografia\/wp-content\/uploads\/sites\/3\/2026\/03\/fotograf_beskidy_bielsko_zima004-1024x683.jpg 1024w, https:\/\/justynabronowska.pl\/fotografia\/wp-content\/uploads\/sites\/3\/2026\/03\/fotograf_beskidy_bielsko_zima004-768x512.jpg 768w, https:\/\/justynabronowska.pl\/fotografia\/wp-content\/uploads\/sites\/3\/2026\/03\/fotograf_beskidy_bielsko_zima004-1536x1024.jpg 1536w\" sizes=\"auto, (max-width: 1600px) 100vw, 1600px\" \/><\/figure>\n\n\n\n<figure class=\"wp-block-image size-large\"><img loading=\"lazy\" decoding=\"async\" width=\"1600\" height=\"1067\" data-id=\"4694\" src=\"https:\/\/justynabronowska.pl\/fotografia\/wp-content\/uploads\/sites\/3\/2026\/03\/fotograf_beskidy_bielsko_zima007-1.jpg\" alt=\"\" class=\"wp-image-4694\" srcset=\"https:\/\/justynabronowska.pl\/fotografia\/wp-content\/uploads\/sites\/3\/2026\/03\/fotograf_beskidy_bielsko_zima007-1.jpg 1600w, https:\/\/justynabronowska.pl\/fotografia\/wp-content\/uploads\/sites\/3\/2026\/03\/fotograf_beskidy_bielsko_zima007-1-1024x683.jpg 1024w, https:\/\/justynabronowska.pl\/fotografia\/wp-content\/uploads\/sites\/3\/2026\/03\/fotograf_beskidy_bielsko_zima007-1-768x512.jpg 768w, https:\/\/justynabronowska.pl\/fotografia\/wp-content\/uploads\/sites\/3\/2026\/03\/fotograf_beskidy_bielsko_zima007-1-1536x1024.jpg 1536w\" sizes=\"auto, (max-width: 1600px) 100vw, 1600px\" \/><\/figure>\n\n\n\n<figure class=\"wp-block-image size-large\"><img loading=\"lazy\" decoding=\"async\" width=\"1600\" height=\"1067\" data-id=\"4682\" src=\"https:\/\/justynabronowska.pl\/fotografia\/wp-content\/uploads\/sites\/3\/2026\/03\/fotograf_beskidy_bielsko_zima008.jpg\" alt=\"\" class=\"wp-image-4682\" srcset=\"https:\/\/justynabronowska.pl\/fotografia\/wp-content\/uploads\/sites\/3\/2026\/03\/fotograf_beskidy_bielsko_zima008.jpg 1600w, https:\/\/justynabronowska.pl\/fotografia\/wp-content\/uploads\/sites\/3\/2026\/03\/fotograf_beskidy_bielsko_zima008-1024x683.jpg 1024w, https:\/\/justynabronowska.pl\/fotografia\/wp-content\/uploads\/sites\/3\/2026\/03\/fotograf_beskidy_bielsko_zima008-768x512.jpg 768w, https:\/\/justynabronowska.pl\/fotografia\/wp-content\/uploads\/sites\/3\/2026\/03\/fotograf_beskidy_bielsko_zima008-1536x1024.jpg 1536w\" sizes=\"auto, (max-width: 1600px) 100vw, 1600px\" \/><\/figure>\n\n\n\n<figure class=\"wp-block-image size-large\"><img loading=\"lazy\" decoding=\"async\" width=\"1600\" height=\"1067\" data-id=\"4652\" src=\"https:\/\/justynabronowska.pl\/fotografia\/wp-content\/uploads\/sites\/3\/2026\/03\/fotograf_beskidy_bielsko_zima009-1.jpg\" alt=\"\" class=\"wp-image-4652\" srcset=\"https:\/\/justynabronowska.pl\/fotografia\/wp-content\/uploads\/sites\/3\/2026\/03\/fotograf_beskidy_bielsko_zima009-1.jpg 1600w, https:\/\/justynabronowska.pl\/fotografia\/wp-content\/uploads\/sites\/3\/2026\/03\/fotograf_beskidy_bielsko_zima009-1-1024x683.jpg 1024w, https:\/\/justynabronowska.pl\/fotografia\/wp-content\/uploads\/sites\/3\/2026\/03\/fotograf_beskidy_bielsko_zima009-1-768x512.jpg 768w, https:\/\/justynabronowska.pl\/fotografia\/wp-content\/uploads\/sites\/3\/2026\/03\/fotograf_beskidy_bielsko_zima009-1-1536x1024.jpg 1536w\" sizes=\"auto, (max-width: 1600px) 100vw, 1600px\" \/><\/figure>\n\n\n\n<figure class=\"wp-block-image size-large\"><img loading=\"lazy\" decoding=\"async\" width=\"1600\" height=\"1067\" data-id=\"4670\" src=\"https:\/\/justynabronowska.pl\/fotografia\/wp-content\/uploads\/sites\/3\/2026\/03\/fotograf_beskidy_bielsko_zima010.jpg\" alt=\"\" class=\"wp-image-4670\" srcset=\"https:\/\/justynabronowska.pl\/fotografia\/wp-content\/uploads\/sites\/3\/2026\/03\/fotograf_beskidy_bielsko_zima010.jpg 1600w, https:\/\/justynabronowska.pl\/fotografia\/wp-content\/uploads\/sites\/3\/2026\/03\/fotograf_beskidy_bielsko_zima010-1024x683.jpg 1024w, https:\/\/justynabronowska.pl\/fotografia\/wp-content\/uploads\/sites\/3\/2026\/03\/fotograf_beskidy_bielsko_zima010-768x512.jpg 768w, https:\/\/justynabronowska.pl\/fotografia\/wp-content\/uploads\/sites\/3\/2026\/03\/fotograf_beskidy_bielsko_zima010-1536x1024.jpg 1536w\" sizes=\"auto, (max-width: 1600px) 100vw, 1600px\" \/><\/figure>\n\n\n\n<figure class=\"wp-block-image size-large\"><img loading=\"lazy\" decoding=\"async\" width=\"1600\" height=\"1067\" data-id=\"4710\" src=\"https:\/\/justynabronowska.pl\/fotografia\/wp-content\/uploads\/sites\/3\/2026\/03\/fotograf_beskidy_bielsko_zima011.jpg\" alt=\"\" class=\"wp-image-4710\" srcset=\"https:\/\/justynabronowska.pl\/fotografia\/wp-content\/uploads\/sites\/3\/2026\/03\/fotograf_beskidy_bielsko_zima011.jpg 1600w, https:\/\/justynabronowska.pl\/fotografia\/wp-content\/uploads\/sites\/3\/2026\/03\/fotograf_beskidy_bielsko_zima011-1024x683.jpg 1024w, https:\/\/justynabronowska.pl\/fotografia\/wp-content\/uploads\/sites\/3\/2026\/03\/fotograf_beskidy_bielsko_zima011-768x512.jpg 768w, https:\/\/justynabronowska.pl\/fotografia\/wp-content\/uploads\/sites\/3\/2026\/03\/fotograf_beskidy_bielsko_zima011-1536x1024.jpg 1536w\" sizes=\"auto, (max-width: 1600px) 100vw, 1600px\" \/><\/figure>\n\n\n\n<figure class=\"wp-block-image size-large\"><img loading=\"lazy\" decoding=\"async\" width=\"1600\" height=\"1067\" data-id=\"4680\" src=\"https:\/\/justynabronowska.pl\/fotografia\/wp-content\/uploads\/sites\/3\/2026\/03\/fotograf_beskidy_bielsko_zima012.jpg\" alt=\"\" class=\"wp-image-4680\" srcset=\"https:\/\/justynabronowska.pl\/fotografia\/wp-content\/uploads\/sites\/3\/2026\/03\/fotograf_beskidy_bielsko_zima012.jpg 1600w, https:\/\/justynabronowska.pl\/fotografia\/wp-content\/uploads\/sites\/3\/2026\/03\/fotograf_beskidy_bielsko_zima012-1024x683.jpg 1024w, https:\/\/justynabronowska.pl\/fotografia\/wp-content\/uploads\/sites\/3\/2026\/03\/fotograf_beskidy_bielsko_zima012-768x512.jpg 768w, https:\/\/justynabronowska.pl\/fotografia\/wp-content\/uploads\/sites\/3\/2026\/03\/fotograf_beskidy_bielsko_zima012-1536x1024.jpg 1536w\" sizes=\"auto, (max-width: 1600px) 100vw, 1600px\" \/><\/figure>\n\n\n\n<figure class=\"wp-block-image size-large\"><img loading=\"lazy\" decoding=\"async\" width=\"1600\" height=\"1067\" data-id=\"4657\" src=\"https:\/\/justynabronowska.pl\/fotografia\/wp-content\/uploads\/sites\/3\/2026\/03\/fotograf_beskidy_bielsko_zima013-1.jpg\" alt=\"\" class=\"wp-image-4657\" srcset=\"https:\/\/justynabronowska.pl\/fotografia\/wp-content\/uploads\/sites\/3\/2026\/03\/fotograf_beskidy_bielsko_zima013-1.jpg 1600w, https:\/\/justynabronowska.pl\/fotografia\/wp-content\/uploads\/sites\/3\/2026\/03\/fotograf_beskidy_bielsko_zima013-1-1024x683.jpg 1024w, https:\/\/justynabronowska.pl\/fotografia\/wp-content\/uploads\/sites\/3\/2026\/03\/fotograf_beskidy_bielsko_zima013-1-768x512.jpg 768w, https:\/\/justynabronowska.pl\/fotografia\/wp-content\/uploads\/sites\/3\/2026\/03\/fotograf_beskidy_bielsko_zima013-1-1536x1024.jpg 1536w\" sizes=\"auto, (max-width: 1600px) 100vw, 1600px\" \/><\/figure>\n\n\n\n<figure class=\"wp-block-image size-large\"><img loading=\"lazy\" decoding=\"async\" width=\"1600\" height=\"1067\" data-id=\"4673\" src=\"https:\/\/justynabronowska.pl\/fotografia\/wp-content\/uploads\/sites\/3\/2026\/03\/fotograf_beskidy_bielsko_zima014-1.jpg\" alt=\"\" class=\"wp-image-4673\" srcset=\"https:\/\/justynabronowska.pl\/fotografia\/wp-content\/uploads\/sites\/3\/2026\/03\/fotograf_beskidy_bielsko_zima014-1.jpg 1600w, https:\/\/justynabronowska.pl\/fotografia\/wp-content\/uploads\/sites\/3\/2026\/03\/fotograf_beskidy_bielsko_zima014-1-1024x683.jpg 1024w, https:\/\/justynabronowska.pl\/fotografia\/wp-content\/uploads\/sites\/3\/2026\/03\/fotograf_beskidy_bielsko_zima014-1-768x512.jpg 768w, https:\/\/justynabronowska.pl\/fotografia\/wp-content\/uploads\/sites\/3\/2026\/03\/fotograf_beskidy_bielsko_zima014-1-1536x1024.jpg 1536w\" sizes=\"auto, (max-width: 1600px) 100vw, 1600px\" \/><\/figure>\n\n\n\n<figure class=\"wp-block-image size-large\"><img loading=\"lazy\" decoding=\"async\" width=\"1600\" height=\"1067\" data-id=\"4688\" src=\"https:\/\/justynabronowska.pl\/fotografia\/wp-content\/uploads\/sites\/3\/2026\/03\/fotograf_beskidy_bielsko_zima015.jpg\" alt=\"\" class=\"wp-image-4688\" srcset=\"https:\/\/justynabronowska.pl\/fotografia\/wp-content\/uploads\/sites\/3\/2026\/03\/fotograf_beskidy_bielsko_zima015.jpg 1600w, https:\/\/justynabronowska.pl\/fotografia\/wp-content\/uploads\/sites\/3\/2026\/03\/fotograf_beskidy_bielsko_zima015-1024x683.jpg 1024w, https:\/\/justynabronowska.pl\/fotografia\/wp-content\/uploads\/sites\/3\/2026\/03\/fotograf_beskidy_bielsko_zima015-768x512.jpg 768w, https:\/\/justynabronowska.pl\/fotografia\/wp-content\/uploads\/sites\/3\/2026\/03\/fotograf_beskidy_bielsko_zima015-1536x1024.jpg 1536w\" sizes=\"auto, (max-width: 1600px) 100vw, 1600px\" \/><\/figure>\n\n\n\n<figure class=\"wp-block-image size-large\"><img loading=\"lazy\" decoding=\"async\" width=\"1600\" height=\"1067\" data-id=\"4714\" src=\"https:\/\/justynabronowska.pl\/fotografia\/wp-content\/uploads\/sites\/3\/2026\/03\/fotograf_beskidy_bielsko_zima016-1.jpg\" alt=\"\" class=\"wp-image-4714\" srcset=\"https:\/\/justynabronowska.pl\/fotografia\/wp-content\/uploads\/sites\/3\/2026\/03\/fotograf_beskidy_bielsko_zima016-1.jpg 1600w, https:\/\/justynabronowska.pl\/fotografia\/wp-content\/uploads\/sites\/3\/2026\/03\/fotograf_beskidy_bielsko_zima016-1-1024x683.jpg 1024w, https:\/\/justynabronowska.pl\/fotografia\/wp-content\/uploads\/sites\/3\/2026\/03\/fotograf_beskidy_bielsko_zima016-1-768x512.jpg 768w, https:\/\/justynabronowska.pl\/fotografia\/wp-content\/uploads\/sites\/3\/2026\/03\/fotograf_beskidy_bielsko_zima016-1-1536x1024.jpg 1536w\" sizes=\"auto, (max-width: 1600px) 100vw, 1600px\" \/><\/figure>\n\n\n\n<figure class=\"wp-block-image size-large\"><img loading=\"lazy\" decoding=\"async\" width=\"1600\" height=\"1067\" data-id=\"4695\" src=\"https:\/\/justynabronowska.pl\/fotografia\/wp-content\/uploads\/sites\/3\/2026\/03\/fotograf_beskidy_bielsko_zima017.jpg\" alt=\"\" class=\"wp-image-4695\" srcset=\"https:\/\/justynabronowska.pl\/fotografia\/wp-content\/uploads\/sites\/3\/2026\/03\/fotograf_beskidy_bielsko_zima017.jpg 1600w, https:\/\/justynabronowska.pl\/fotografia\/wp-content\/uploads\/sites\/3\/2026\/03\/fotograf_beskidy_bielsko_zima017-1024x683.jpg 1024w, https:\/\/justynabronowska.pl\/fotografia\/wp-content\/uploads\/sites\/3\/2026\/03\/fotograf_beskidy_bielsko_zima017-768x512.jpg 768w, https:\/\/justynabronowska.pl\/fotografia\/wp-content\/uploads\/sites\/3\/2026\/03\/fotograf_beskidy_bielsko_zima017-1536x1024.jpg 1536w\" sizes=\"auto, (max-width: 1600px) 100vw, 1600px\" \/><\/figure>\n\n\n\n<figure class=\"wp-block-image size-large\"><img loading=\"lazy\" decoding=\"async\" width=\"1000\" height=\"1500\" data-id=\"4685\" src=\"https:\/\/justynabronowska.pl\/fotografia\/wp-content\/uploads\/sites\/3\/2026\/03\/fotograf_beskidy_bielsko_zima018-1000x1500.jpg\" alt=\"\" class=\"wp-image-4685\" srcset=\"https:\/\/justynabronowska.pl\/fotografia\/wp-content\/uploads\/sites\/3\/2026\/03\/fotograf_beskidy_bielsko_zima018-1000x1500.jpg 1000w, https:\/\/justynabronowska.pl\/fotografia\/wp-content\/uploads\/sites\/3\/2026\/03\/fotograf_beskidy_bielsko_zima018-683x1024.jpg 683w, https:\/\/justynabronowska.pl\/fotografia\/wp-content\/uploads\/sites\/3\/2026\/03\/fotograf_beskidy_bielsko_zima018-768x1152.jpg 768w, https:\/\/justynabronowska.pl\/fotografia\/wp-content\/uploads\/sites\/3\/2026\/03\/fotograf_beskidy_bielsko_zima018-1024x1536.jpg 1024w, https:\/\/justynabronowska.pl\/fotografia\/wp-content\/uploads\/sites\/3\/2026\/03\/fotograf_beskidy_bielsko_zima018.jpg 1067w\" sizes=\"auto, (max-width: 1000px) 100vw, 1000px\" \/><\/figure>\n\n\n\n<figure class=\"wp-block-image size-large\"><img loading=\"lazy\" decoding=\"async\" width=\"1600\" height=\"1067\" data-id=\"4675\" src=\"https:\/\/justynabronowska.pl\/fotografia\/wp-content\/uploads\/sites\/3\/2026\/03\/fotograf_beskidy_bielsko_zima020-1.jpg\" alt=\"\" class=\"wp-image-4675\" srcset=\"https:\/\/justynabronowska.pl\/fotografia\/wp-content\/uploads\/sites\/3\/2026\/03\/fotograf_beskidy_bielsko_zima020-1.jpg 1600w, https:\/\/justynabronowska.pl\/fotografia\/wp-content\/uploads\/sites\/3\/2026\/03\/fotograf_beskidy_bielsko_zima020-1-1024x683.jpg 1024w, https:\/\/justynabronowska.pl\/fotografia\/wp-content\/uploads\/sites\/3\/2026\/03\/fotograf_beskidy_bielsko_zima020-1-768x512.jpg 768w, https:\/\/justynabronowska.pl\/fotografia\/wp-content\/uploads\/sites\/3\/2026\/03\/fotograf_beskidy_bielsko_zima020-1-1536x1024.jpg 1536w\" sizes=\"auto, (max-width: 1600px) 100vw, 1600px\" \/><\/figure>\n\n\n\n<figure class=\"wp-block-image size-large\"><img loading=\"lazy\" decoding=\"async\" width=\"1600\" height=\"1067\" data-id=\"4708\" src=\"https:\/\/justynabronowska.pl\/fotografia\/wp-content\/uploads\/sites\/3\/2026\/03\/fotograf_beskidy_bielsko_zima019-1.jpg\" alt=\"\" class=\"wp-image-4708\" srcset=\"https:\/\/justynabronowska.pl\/fotografia\/wp-content\/uploads\/sites\/3\/2026\/03\/fotograf_beskidy_bielsko_zima019-1.jpg 1600w, https:\/\/justynabronowska.pl\/fotografia\/wp-content\/uploads\/sites\/3\/2026\/03\/fotograf_beskidy_bielsko_zima019-1-1024x683.jpg 1024w, https:\/\/justynabronowska.pl\/fotografia\/wp-content\/uploads\/sites\/3\/2026\/03\/fotograf_beskidy_bielsko_zima019-1-768x512.jpg 768w, https:\/\/justynabronowska.pl\/fotografia\/wp-content\/uploads\/sites\/3\/2026\/03\/fotograf_beskidy_bielsko_zima019-1-1536x1024.jpg 1536w\" sizes=\"auto, (max-width: 1600px) 100vw, 1600px\" \/><\/figure>\n<\/figure>\n","protected":false},"excerpt":{"rendered":"<p>Mam ogromn\u0105 potrzeb\u0119 bycia blisko przyrody, kt\u00f3ra cz\u0119sto jest t\u0142em moich sesji zdj\u0119ciowych. To zachwyt otaczaj\u0105cym swiatem i w pierwszej kolejno\u015bci g\u00f3rami pchn\u0105\u0142 mnie w stron\u0119 fotografii &#8211; tam odnajduj\u0119 wiele w\u0105tk\u00f3w mojej wra\u017cliwo\u015bci. Odk\u0105d pami\u0119tam przemierza\u0142am \u015bwiat z tym zachwytem i ciekawo\u015bci\u0105, a odk\u0105d w kr\u0119gu moich pasji zacz\u0119\u0142y pojawia\u0107 si\u0119 sporty przestrzenne &#8211; [&hellip;]<\/p>\n","protected":false},"author":1,"featured_media":4643,"comment_status":"open","ping_status":"open","sticky":false,"template":"","format":"standard","meta":{"footnotes":""},"categories":[125,28],"tags":[75,154,155,156],"class_list":{"0":"post-4569","1":"post","2":"type-post","3":"status-publish","4":"format-standard","5":"has-post-thumbnail","7":"category-reportaz-z-wydarzenia","8":"category-sesja-lifestyle","9":"tag-fotograf-bielsko-biala","10":"tag-fotograf-na-oboz","11":"tag-fotograf-na-zawody","12":"tag-fotograf-outdoorowy"},"yoast_head":"<!-- This site is optimized with the Yoast SEO plugin v27.3 - https:\/\/yoast.com\/product\/yoast-seo-wordpress\/ -->\n<title>W przyrodzie! - Justyna Bronowska Fotografia - Fotografia \u015blubna, wizerunkowa, rodzinna Bielsko-Bia\u0142a, \u015al\u0105sk<\/title>\n<meta name=\"robots\" content=\"index, follow, max-snippet:-1, max-image-preview:large, max-video-preview:-1\" \/>\n<link rel=\"canonical\" href=\"https:\/\/justynabronowska.pl\/fotografia\/reportaz-sport-beskidy\/\" \/>\n<meta property=\"og:locale\" content=\"pl_PL\" \/>\n<meta property=\"og:type\" content=\"article\" \/>\n<meta property=\"og:title\" content=\"W przyrodzie! - Justyna Bronowska Fotografia - Fotografia \u015blubna, wizerunkowa, rodzinna Bielsko-Bia\u0142a, \u015al\u0105sk\" \/>\n<meta property=\"og:description\" content=\"Mam ogromn\u0105 potrzeb\u0119 bycia blisko przyrody, kt\u00f3ra cz\u0119sto jest t\u0142em moich sesji zdj\u0119ciowych. To zachwyt otaczaj\u0105cym swiatem i w pierwszej kolejno\u015bci g\u00f3rami pchn\u0105\u0142 mnie w stron\u0119 fotografii &#8211; tam odnajduj\u0119 wiele w\u0105tk\u00f3w mojej wra\u017cliwo\u015bci. Odk\u0105d pami\u0119tam przemierza\u0142am \u015bwiat z tym zachwytem i ciekawo\u015bci\u0105, a odk\u0105d w kr\u0119gu moich pasji zacz\u0119\u0142y pojawia\u0107 si\u0119 sporty przestrzenne &#8211; [&hellip;]\" \/>\n<meta property=\"og:url\" content=\"https:\/\/justynabronowska.pl\/fotografia\/reportaz-sport-beskidy\/\" \/>\n<meta property=\"og:site_name\" content=\"Justyna Bronowska Fotografia - Fotografia \u015blubna, wizerunkowa, rodzinna Bielsko-Bia\u0142a, \u015al\u0105sk\" \/>\n<meta property=\"article:published_time\" content=\"2025-06-12T17:18:00+00:00\" \/>\n<meta property=\"article:modified_time\" content=\"2026-03-12T20:06:08+00:00\" \/>\n<meta property=\"og:image\" content=\"https:\/\/justynabronowska.pl\/fotografia\/wp-content\/uploads\/sites\/3\/2026\/03\/118251422_3195291800506897_6524149190101276900_n-1.jpg\" \/>\n\t<meta property=\"og:image:width\" content=\"1600\" \/>\n\t<meta property=\"og:image:height\" content=\"1067\" \/>\n\t<meta property=\"og:image:type\" content=\"image\/jpeg\" \/>\n<meta name=\"author\" content=\"admin\" \/>\n<meta name=\"twitter:card\" content=\"summary_large_image\" \/>\n<meta name=\"twitter:label1\" content=\"Napisane przez\" \/>\n\t<meta name=\"twitter:data1\" content=\"admin\" \/>\n<script type=\"application\/ld+json\" class=\"yoast-schema-graph\">{\"@context\":\"https:\\\/\\\/schema.org\",\"@graph\":[{\"@type\":\"Article\",\"@id\":\"https:\\\/\\\/justynabronowska.pl\\\/fotografia\\\/reportaz-sport-beskidy\\\/#article\",\"isPartOf\":{\"@id\":\"https:\\\/\\\/justynabronowska.pl\\\/fotografia\\\/reportaz-sport-beskidy\\\/\"},\"author\":{\"name\":\"admin\",\"@id\":\"https:\\\/\\\/justynabronowska.pl\\\/fotografia\\\/#\\\/schema\\\/person\\\/6c4ecde1a4b4fe3519f8ab8ce8d68e30\"},\"headline\":\"W przyrodzie!\",\"datePublished\":\"2025-06-12T17:18:00+00:00\",\"dateModified\":\"2026-03-12T20:06:08+00:00\",\"mainEntityOfPage\":{\"@id\":\"https:\\\/\\\/justynabronowska.pl\\\/fotografia\\\/reportaz-sport-beskidy\\\/\"},\"wordCount\":99,\"commentCount\":0,\"image\":{\"@id\":\"https:\\\/\\\/justynabronowska.pl\\\/fotografia\\\/reportaz-sport-beskidy\\\/#primaryimage\"},\"thumbnailUrl\":\"https:\\\/\\\/justynabronowska.pl\\\/fotografia\\\/wp-content\\\/uploads\\\/sites\\\/3\\\/2026\\\/03\\\/118251422_3195291800506897_6524149190101276900_n-1.jpg\",\"keywords\":[\"fotograf bielsko bia\u0142a\",\"fotograf na oboz\",\"fotograf na zawody\",\"fotograf outdoorowy\"],\"articleSection\":[\"reporta\u017c z wydarzenia\",\"sesja lifestyle\"],\"inLanguage\":\"pl-PL\",\"potentialAction\":[{\"@type\":\"CommentAction\",\"name\":\"Comment\",\"target\":[\"https:\\\/\\\/justynabronowska.pl\\\/fotografia\\\/reportaz-sport-beskidy\\\/#respond\"]}]},{\"@type\":\"WebPage\",\"@id\":\"https:\\\/\\\/justynabronowska.pl\\\/fotografia\\\/reportaz-sport-beskidy\\\/\",\"url\":\"https:\\\/\\\/justynabronowska.pl\\\/fotografia\\\/reportaz-sport-beskidy\\\/\",\"name\":\"W przyrodzie! - Justyna Bronowska Fotografia - Fotografia \u015blubna, wizerunkowa, rodzinna Bielsko-Bia\u0142a, \u015al\u0105sk\",\"isPartOf\":{\"@id\":\"https:\\\/\\\/justynabronowska.pl\\\/fotografia\\\/#website\"},\"primaryImageOfPage\":{\"@id\":\"https:\\\/\\\/justynabronowska.pl\\\/fotografia\\\/reportaz-sport-beskidy\\\/#primaryimage\"},\"image\":{\"@id\":\"https:\\\/\\\/justynabronowska.pl\\\/fotografia\\\/reportaz-sport-beskidy\\\/#primaryimage\"},\"thumbnailUrl\":\"https:\\\/\\\/justynabronowska.pl\\\/fotografia\\\/wp-content\\\/uploads\\\/sites\\\/3\\\/2026\\\/03\\\/118251422_3195291800506897_6524149190101276900_n-1.jpg\",\"datePublished\":\"2025-06-12T17:18:00+00:00\",\"dateModified\":\"2026-03-12T20:06:08+00:00\",\"author\":{\"@id\":\"https:\\\/\\\/justynabronowska.pl\\\/fotografia\\\/#\\\/schema\\\/person\\\/6c4ecde1a4b4fe3519f8ab8ce8d68e30\"},\"breadcrumb\":{\"@id\":\"https:\\\/\\\/justynabronowska.pl\\\/fotografia\\\/reportaz-sport-beskidy\\\/#breadcrumb\"},\"inLanguage\":\"pl-PL\",\"potentialAction\":[{\"@type\":\"ReadAction\",\"target\":[\"https:\\\/\\\/justynabronowska.pl\\\/fotografia\\\/reportaz-sport-beskidy\\\/\"]}]},{\"@type\":\"ImageObject\",\"inLanguage\":\"pl-PL\",\"@id\":\"https:\\\/\\\/justynabronowska.pl\\\/fotografia\\\/reportaz-sport-beskidy\\\/#primaryimage\",\"url\":\"https:\\\/\\\/justynabronowska.pl\\\/fotografia\\\/wp-content\\\/uploads\\\/sites\\\/3\\\/2026\\\/03\\\/118251422_3195291800506897_6524149190101276900_n-1.jpg\",\"contentUrl\":\"https:\\\/\\\/justynabronowska.pl\\\/fotografia\\\/wp-content\\\/uploads\\\/sites\\\/3\\\/2026\\\/03\\\/118251422_3195291800506897_6524149190101276900_n-1.jpg\",\"width\":1600,\"height\":1067},{\"@type\":\"BreadcrumbList\",\"@id\":\"https:\\\/\\\/justynabronowska.pl\\\/fotografia\\\/reportaz-sport-beskidy\\\/#breadcrumb\",\"itemListElement\":[{\"@type\":\"ListItem\",\"position\":1,\"name\":\"Home\",\"item\":\"https:\\\/\\\/justynabronowska.pl\\\/fotografia\\\/\"},{\"@type\":\"ListItem\",\"position\":2,\"name\":\"W przyrodzie!\"}]},{\"@type\":\"WebSite\",\"@id\":\"https:\\\/\\\/justynabronowska.pl\\\/fotografia\\\/#website\",\"url\":\"https:\\\/\\\/justynabronowska.pl\\\/fotografia\\\/\",\"name\":\"Justyna Bronowska Fotografia - Fotografia \u015blubna, wizerunkowa, rodzinna Bielsko-Bia\u0142a, \u015al\u0105sk\",\"description\":\"Justyna Bronowska Fotografia - Fotografia \u015blubna, wizerunkowa, rodzinna Bielsko-Bia\u0142a, \u015al\u0105sk\",\"potentialAction\":[{\"@type\":\"SearchAction\",\"target\":{\"@type\":\"EntryPoint\",\"urlTemplate\":\"https:\\\/\\\/justynabronowska.pl\\\/fotografia\\\/?s={search_term_string}\"},\"query-input\":{\"@type\":\"PropertyValueSpecification\",\"valueRequired\":true,\"valueName\":\"search_term_string\"}}],\"inLanguage\":\"pl-PL\"},{\"@type\":\"Person\",\"@id\":\"https:\\\/\\\/justynabronowska.pl\\\/fotografia\\\/#\\\/schema\\\/person\\\/6c4ecde1a4b4fe3519f8ab8ce8d68e30\",\"name\":\"admin\",\"image\":{\"@type\":\"ImageObject\",\"inLanguage\":\"pl-PL\",\"@id\":\"https:\\\/\\\/secure.gravatar.com\\\/avatar\\\/29bf5daac66150479063cb58106501dc39e4fa1129c87d50f2cd7573b0165bb6?s=96&d=mm&r=g\",\"url\":\"https:\\\/\\\/secure.gravatar.com\\\/avatar\\\/29bf5daac66150479063cb58106501dc39e4fa1129c87d50f2cd7573b0165bb6?s=96&d=mm&r=g\",\"contentUrl\":\"https:\\\/\\\/secure.gravatar.com\\\/avatar\\\/29bf5daac66150479063cb58106501dc39e4fa1129c87d50f2cd7573b0165bb6?s=96&d=mm&r=g\",\"caption\":\"admin\"},\"url\":\"https:\\\/\\\/justynabronowska.pl\\\/fotografia\\\/author\\\/admin\\\/\"}]}<\/script>\n<!-- \/ Yoast SEO plugin. -->","yoast_head_json":{"title":"W przyrodzie! - Justyna Bronowska Fotografia - Fotografia \u015blubna, wizerunkowa, rodzinna Bielsko-Bia\u0142a, \u015al\u0105sk","robots":{"index":"index","follow":"follow","max-snippet":"max-snippet:-1","max-image-preview":"max-image-preview:large","max-video-preview":"max-video-preview:-1"},"canonical":"https:\/\/justynabronowska.pl\/fotografia\/reportaz-sport-beskidy\/","og_locale":"pl_PL","og_type":"article","og_title":"W przyrodzie! - Justyna Bronowska Fotografia - Fotografia \u015blubna, wizerunkowa, rodzinna Bielsko-Bia\u0142a, \u015al\u0105sk","og_description":"Mam ogromn\u0105 potrzeb\u0119 bycia blisko przyrody, kt\u00f3ra cz\u0119sto jest t\u0142em moich sesji zdj\u0119ciowych. To zachwyt otaczaj\u0105cym swiatem i w pierwszej kolejno\u015bci g\u00f3rami pchn\u0105\u0142 mnie w stron\u0119 fotografii &#8211; tam odnajduj\u0119 wiele w\u0105tk\u00f3w mojej wra\u017cliwo\u015bci. Odk\u0105d pami\u0119tam przemierza\u0142am \u015bwiat z tym zachwytem i ciekawo\u015bci\u0105, a odk\u0105d w kr\u0119gu moich pasji zacz\u0119\u0142y pojawia\u0107 si\u0119 sporty przestrzenne &#8211; [&hellip;]","og_url":"https:\/\/justynabronowska.pl\/fotografia\/reportaz-sport-beskidy\/","og_site_name":"Justyna Bronowska Fotografia - Fotografia \u015blubna, wizerunkowa, rodzinna Bielsko-Bia\u0142a, \u015al\u0105sk","article_published_time":"2025-06-12T17:18:00+00:00","article_modified_time":"2026-03-12T20:06:08+00:00","og_image":[{"width":1600,"height":1067,"url":"https:\/\/justynabronowska.pl\/fotografia\/wp-content\/uploads\/sites\/3\/2026\/03\/118251422_3195291800506897_6524149190101276900_n-1.jpg","type":"image\/jpeg"}],"author":"admin","twitter_card":"summary_large_image","twitter_misc":{"Napisane przez":"admin"},"schema":{"@context":"https:\/\/schema.org","@graph":[{"@type":"Article","@id":"https:\/\/justynabronowska.pl\/fotografia\/reportaz-sport-beskidy\/#article","isPartOf":{"@id":"https:\/\/justynabronowska.pl\/fotografia\/reportaz-sport-beskidy\/"},"author":{"name":"admin","@id":"https:\/\/justynabronowska.pl\/fotografia\/#\/schema\/person\/6c4ecde1a4b4fe3519f8ab8ce8d68e30"},"headline":"W przyrodzie!","datePublished":"2025-06-12T17:18:00+00:00","dateModified":"2026-03-12T20:06:08+00:00","mainEntityOfPage":{"@id":"https:\/\/justynabronowska.pl\/fotografia\/reportaz-sport-beskidy\/"},"wordCount":99,"commentCount":0,"image":{"@id":"https:\/\/justynabronowska.pl\/fotografia\/reportaz-sport-beskidy\/#primaryimage"},"thumbnailUrl":"https:\/\/justynabronowska.pl\/fotografia\/wp-content\/uploads\/sites\/3\/2026\/03\/118251422_3195291800506897_6524149190101276900_n-1.jpg","keywords":["fotograf bielsko bia\u0142a","fotograf na oboz","fotograf na zawody","fotograf outdoorowy"],"articleSection":["reporta\u017c z wydarzenia","sesja lifestyle"],"inLanguage":"pl-PL","potentialAction":[{"@type":"CommentAction","name":"Comment","target":["https:\/\/justynabronowska.pl\/fotografia\/reportaz-sport-beskidy\/#respond"]}]},{"@type":"WebPage","@id":"https:\/\/justynabronowska.pl\/fotografia\/reportaz-sport-beskidy\/","url":"https:\/\/justynabronowska.pl\/fotografia\/reportaz-sport-beskidy\/","name":"W przyrodzie! - Justyna Bronowska Fotografia - Fotografia \u015blubna, wizerunkowa, rodzinna Bielsko-Bia\u0142a, \u015al\u0105sk","isPartOf":{"@id":"https:\/\/justynabronowska.pl\/fotografia\/#website"},"primaryImageOfPage":{"@id":"https:\/\/justynabronowska.pl\/fotografia\/reportaz-sport-beskidy\/#primaryimage"},"image":{"@id":"https:\/\/justynabronowska.pl\/fotografia\/reportaz-sport-beskidy\/#primaryimage"},"thumbnailUrl":"https:\/\/justynabronowska.pl\/fotografia\/wp-content\/uploads\/sites\/3\/2026\/03\/118251422_3195291800506897_6524149190101276900_n-1.jpg","datePublished":"2025-06-12T17:18:00+00:00","dateModified":"2026-03-12T20:06:08+00:00","author":{"@id":"https:\/\/justynabronowska.pl\/fotografia\/#\/schema\/person\/6c4ecde1a4b4fe3519f8ab8ce8d68e30"},"breadcrumb":{"@id":"https:\/\/justynabronowska.pl\/fotografia\/reportaz-sport-beskidy\/#breadcrumb"},"inLanguage":"pl-PL","potentialAction":[{"@type":"ReadAction","target":["https:\/\/justynabronowska.pl\/fotografia\/reportaz-sport-beskidy\/"]}]},{"@type":"ImageObject","inLanguage":"pl-PL","@id":"https:\/\/justynabronowska.pl\/fotografia\/reportaz-sport-beskidy\/#primaryimage","url":"https:\/\/justynabronowska.pl\/fotografia\/wp-content\/uploads\/sites\/3\/2026\/03\/118251422_3195291800506897_6524149190101276900_n-1.jpg","contentUrl":"https:\/\/justynabronowska.pl\/fotografia\/wp-content\/uploads\/sites\/3\/2026\/03\/118251422_3195291800506897_6524149190101276900_n-1.jpg","width":1600,"height":1067},{"@type":"BreadcrumbList","@id":"https:\/\/justynabronowska.pl\/fotografia\/reportaz-sport-beskidy\/#breadcrumb","itemListElement":[{"@type":"ListItem","position":1,"name":"Home","item":"https:\/\/justynabronowska.pl\/fotografia\/"},{"@type":"ListItem","position":2,"name":"W przyrodzie!"}]},{"@type":"WebSite","@id":"https:\/\/justynabronowska.pl\/fotografia\/#website","url":"https:\/\/justynabronowska.pl\/fotografia\/","name":"Justyna Bronowska Fotografia - Fotografia \u015blubna, wizerunkowa, rodzinna Bielsko-Bia\u0142a, \u015al\u0105sk","description":"Justyna Bronowska Fotografia - Fotografia \u015blubna, wizerunkowa, rodzinna Bielsko-Bia\u0142a, \u015al\u0105sk","potentialAction":[{"@type":"SearchAction","target":{"@type":"EntryPoint","urlTemplate":"https:\/\/justynabronowska.pl\/fotografia\/?s={search_term_string}"},"query-input":{"@type":"PropertyValueSpecification","valueRequired":true,"valueName":"search_term_string"}}],"inLanguage":"pl-PL"},{"@type":"Person","@id":"https:\/\/justynabronowska.pl\/fotografia\/#\/schema\/person\/6c4ecde1a4b4fe3519f8ab8ce8d68e30","name":"admin","image":{"@type":"ImageObject","inLanguage":"pl-PL","@id":"https:\/\/secure.gravatar.com\/avatar\/29bf5daac66150479063cb58106501dc39e4fa1129c87d50f2cd7573b0165bb6?s=96&d=mm&r=g","url":"https:\/\/secure.gravatar.com\/avatar\/29bf5daac66150479063cb58106501dc39e4fa1129c87d50f2cd7573b0165bb6?s=96&d=mm&r=g","contentUrl":"https:\/\/secure.gravatar.com\/avatar\/29bf5daac66150479063cb58106501dc39e4fa1129c87d50f2cd7573b0165bb6?s=96&d=mm&r=g","caption":"admin"},"url":"https:\/\/justynabronowska.pl\/fotografia\/author\/admin\/"}]}},"_links":{"self":[{"href":"https:\/\/justynabronowska.pl\/fotografia\/wp-json\/wp\/v2\/posts\/4569","targetHints":{"allow":["GET"]}}],"collection":[{"href":"https:\/\/justynabronowska.pl\/fotografia\/wp-json\/wp\/v2\/posts"}],"about":[{"href":"https:\/\/justynabronowska.pl\/fotografia\/wp-json\/wp\/v2\/types\/post"}],"author":[{"embeddable":true,"href":"https:\/\/justynabronowska.pl\/fotografia\/wp-json\/wp\/v2\/users\/1"}],"replies":[{"embeddable":true,"href":"https:\/\/justynabronowska.pl\/fotografia\/wp-json\/wp\/v2\/comments?post=4569"}],"version-history":[{"count":3,"href":"https:\/\/justynabronowska.pl\/fotografia\/wp-json\/wp\/v2\/posts\/4569\/revisions"}],"predecessor-version":[{"id":4753,"href":"https:\/\/justynabronowska.pl\/fotografia\/wp-json\/wp\/v2\/posts\/4569\/revisions\/4753"}],"wp:featuredmedia":[{"embeddable":true,"href":"https:\/\/justynabronowska.pl\/fotografia\/wp-json\/wp\/v2\/media\/4643"}],"wp:attachment":[{"href":"https:\/\/justynabronowska.pl\/fotografia\/wp-json\/wp\/v2\/media?parent=4569"}],"wp:term":[{"taxonomy":"category","embeddable":true,"href":"https:\/\/justynabronowska.pl\/fotografia\/wp-json\/wp\/v2\/categories?post=4569"},{"taxonomy":"post_tag","embeddable":true,"href":"https:\/\/justynabronowska.pl\/fotografia\/wp-json\/wp\/v2\/tags?post=4569"}],"curies":[{"name":"wp","href":"https:\/\/api.w.org\/{rel}","templated":true}]}}